{"id":748618,"date":"2017-05-18T13:57:55","date_gmt":"2017-05-18T11:57:55","guid":{"rendered":"https:\/\/dailynewshungary.com\/de\/orban-ungarn-narrisch-beschamt\/"},"modified":"2017-05-18T13:57:55","modified_gmt":"2017-05-18T11:57:55","slug":"orban-ungarn-narrisch-beschamt","status":"publish","type":"post","link":"https:\/\/dailynewshungary.com\/de\/orban-ungarn-narrisch-beschamt\/","title":{"rendered":"Orb\u00e1n: Ungarn \u2018n\u00e4rrisch\u2019 besch\u00e4mt"},"content":{"rendered":"<p><strong>Budapest, 18. Mai (MTI) \u201eEs ist \u201edumm\u201cungarn zu besch\u00e4men, da es derzeit die h\u00f6chste oder zweith\u00f6chste Wachstumsrate in der Europ\u00e4ischen Union aufweist, sagte Premierminister Viktor Orb\u00e1n auf der Generalversammlung des deutschen Automobilherstellers Daimler am Donnerstag in Budapest.<\/strong><\/p>\n<p>Ungarn hat die am schnellsten sinkende Arbeitslosenquote in der EU; Es h\u00e4lt sich an alle europ\u00e4ischen Finanzvorschriften und seine Staatsverschuldung nimmt ab, sagte Orb\u00e1n.<\/p>\n<p>Er sagte, es sei an der Zeit zuzugeben, dass die europ\u00e4ische Wirtschaft ohne erfolgreiche europ\u00e4ische Volkswirtschaften nicht stark sein k\u00f6nne.<\/p>\n<p>Bei der Finanzkrise 2008-2009 gehe es nicht um Konjunkturzyklen, sondern um eine Strukturkrise, eine Krise der Wettbewerbsf\u00e4higkeit, daher m\u00fcsse in der letztgenannten Dimension reagiert werden, sagte er.<\/p>\n<p>Orb\u00e1n ben\u00f6tigte Komponenten, um die Wettbewerbsf\u00e4higkeit zu gew\u00e4hrleisten \u201eEuropa, das erfolgreich ist, und ein erfolgreiches Mitteldeutschland, das bereits in Kraft ist\u201c\u201eEin reformiertes Frankreich, ein Italien mit starker politischer F\u00fchrung, sind noch n\u00f6tig\u201d, f\u00fcgte er hinzu.<\/p>\n<p>Er sagte, es sei wichtig, dass die Scheidungsgespr\u00e4che Gro\u00dfbritanniens mit der EU in einer \u201cWin-Win-Situation\u201d enden, f\u00fcgte jedoch hinzu, dass der aktuelle Stand der Verhandlungen auf eine \u201cLose-Lose\u201d &#8211; Situation hindeute.<\/p>\n<p><em>Foto: MTI<\/em><\/p>\n","protected":false},"excerpt":{"rendered":"<p>Budapest, 18. Mai (MTI) \u201eEs ist \u201edumm\u201cungarn zu besch\u00e4men, da es derzeit die h\u00f6chste oder zweith\u00f6chste Wachstumsrate in der Europ\u00e4ischen Union aufweist, sagte Premierminister Viktor Orb\u00e1n auf der Generalversammlung des deutschen Automobilherstellers Daimler am Donnerstag in Budapest. Ungarn hat die am schnellsten sinkende Arbeitslosenquote in der EU; Es h\u00e4lt sich an alle europ\u00e4ischen Finanzvorschriften und [&hellip;]<\/p>\n","protected":false},"author":2,"featured_media":748619,"comment_status":"open","ping_status":"open","sticky":false,"template":"","format":"standard","meta":{"_acf_changed":false,"_display_image":"","footnotes":""},"categories":[1081],"tags":[1082,1128,1104],"class_list":["post-748618","post","type-post","status-publish","format-standard","has-post-thumbnail","hentry","category-politik","tag-europaische-union","tag-viktor-orban","tag-wirtschaft"],"blocksy_meta":[],"acf":[],"author_username":"alk","telegram_post":"","public_post_metadata":{"breaking_news":"","important":"","csempe":"","center_tile":"","disable_thumbnail":"","target_lang":"","_featured_image_style":"","telegram_post":"","_xlat_group_id":""},"public_rank_math_data":{"title":"%title% %sep% %sitename%","description":"","focus_keyword":"Orb\u00e1n EU","canonical_url":"","robots":"","primary_category":"1081","breadcrumb_title":"","facebook_title":"","facebook_description":"","facebook_image":"","facebook_image_id":"","twitter_title":"","twitter_description":"","twitter_image":"","twitter_image_id":"","twitter_card_type":"","twitter_use_facebook":"","advanced_robots":"","pillar_content":"","seo_score":"6","contentai_score":"","rich_snippet":""},"_links":{"self":[{"href":"https:\/\/dailynewshungary.com\/de\/wp-json\/wp\/v2\/posts\/748618","targetHints":{"allow":["GET"]}}],"collection":[{"href":"https:\/\/dailynewshungary.com\/de\/wp-json\/wp\/v2\/posts"}],"about":[{"href":"https:\/\/dailynewshungary.com\/de\/wp-json\/wp\/v2\/types\/post"}],"author":[{"embeddable":true,"href":"https:\/\/dailynewshungary.com\/de\/wp-json\/wp\/v2\/users\/2"}],"replies":[{"embeddable":true,"href":"https:\/\/dailynewshungary.com\/de\/wp-json\/wp\/v2\/comments?post=748618"}],"version-history":[{"count":0,"href":"https:\/\/dailynewshungary.com\/de\/wp-json\/wp\/v2\/posts\/748618\/revisions"}],"wp:featuredmedia":[{"embeddable":true,"href":"https:\/\/dailynewshungary.com\/de\/wp-json\/wp\/v2\/media\/748619"}],"wp:attachment":[{"href":"https:\/\/dailynewshungary.com\/de\/wp-json\/wp\/v2\/media?parent=748618"}],"wp:term":[{"taxonomy":"category","embeddable":true,"href":"https:\/\/dailynewshungary.com\/de\/wp-json\/wp\/v2\/categories?post=748618"},{"taxonomy":"post_tag","embeddable":true,"href":"https:\/\/dailynewshungary.com\/de\/wp-json\/wp\/v2\/tags?post=748618"}],"curies":[{"name":"wp","href":"https:\/\/api.w.org\/{rel}","templated":true}]}}