{"id":748638,"date":"2017-05-17T20:45:34","date_gmt":"2017-05-17T18:45:34","guid":{"rendered":"https:\/\/dailynewshungary.com\/de\/erklarung-der-ep-delegation-von-jobbik-zur-abstimmung-uber-die-situation-in-ungarn\/"},"modified":"2017-05-17T20:45:34","modified_gmt":"2017-05-17T18:45:34","slug":"erklarung-der-ep-delegation-von-jobbik-zur-abstimmung-uber-die-situation-in-ungarn","status":"publish","type":"post","link":"https:\/\/dailynewshungary.com\/de\/erklarung-der-ep-delegation-von-jobbik-zur-abstimmung-uber-die-situation-in-ungarn\/","title":{"rendered":"Erkl\u00e4rung der EP-Delegation von Jobbik zur Abstimmung \u00fcber die \u201cSituation in Ungarn\u201d"},"content":{"rendered":"<p><strong>Stellungnahme \u2013 EP-Fraktionen haben zwei Antr\u00e4ge zur \u201cSituation in Ungarn\u201d eingereicht, Der erste wurde von den vier linksliberalen Fraktionen gemeinsam unterzeichnet, w\u00e4hrend der andere von der Europ\u00e4ischen Volkspartei (EVP), also der politischen Familie von Fidesz, unterst\u00fctzt wurde Die Europaabgeordneten von Jobbik hielten beide Antr\u00e4ge f\u00fcr inakzeptabel, da sie die auf liberalen Dogmen basierende Migrationspolitik Ungarns angriffen.<\/strong><\/p>\n<p>Die Vierparteien-Entschlie\u00dfung wurde schlie\u00dflich mit deutlicher Mehrheit im Parlament angenommen (393 gegen 221 Stimmen bei 64 Enthaltungen) In der Entschlie\u00dfung wird die Einleitung eines Verfahrens nach Artikel 7 des Vertrags \u00fcber die Europ\u00e4ische Union gefordertDas Verfahren kann schlie\u00dflich zu substanziellen Sanktionen gegen Ungarn f\u00fchren, einschlie\u00dflich einer m\u00f6glichen Aussetzung des Stimmrechts des Landes im Europ\u00e4ischen Rat. Dieser Prozess, der auch als \u201cAtomwaffe der Sanktionen\u201d bezeichnet wird, w\u00fcrde erstmals in der Geschichte der EU gegen Ungarn eingesetzt werden.<\/p>\n<p>Alle drei Vertreter der Jobbik-Bewegung f\u00fcr ein besseres Ungarn lehnten den Antrag im Allgemeinen ab und wir haben nat\u00fcrlich auch gegen die Einf\u00fchrung von Artikel 7 im Besonderen gestimmt.<\/p>\n<p>Der andere von der Volkspartei eingereichte Antrag war stilistisch und teilweise auch inhaltlich gem\u00e4\u00dfigter, dennoch kritisierte die EVP die vom ungarischen Parlament beschlossene (und von Jobbik ebenfalls unterst\u00fctzte) Grenzschutzgesetzgebung und er\u00f6rterte (wenn auch bedingt) (wenn auch die Einleitung des Verfahrens des Artikels 7 in Zukunft) Da der linksliberale Antrag bereits verabschiedet war, wurde der zweite Antrag nicht zur Abstimmung gestellt.<\/p>\n<p><em>Im Namen der EP-Delegation von Jobbik: MdEP Zolt\u00e1n Balcz\u00f3, Delegationsleiter<\/em><\/p>\n<p><em>Foto: alfahir.hu<\/em><\/p>\n","protected":false},"excerpt":{"rendered":"<p>Stellungnahme \u2013 EP-Fraktionen haben zwei Antr\u00e4ge zur \u201cSituation in Ungarn\u201d eingereicht, Der erste wurde von den vier linksliberalen Fraktionen gemeinsam unterzeichnet, w\u00e4hrend der andere von der Europ\u00e4ischen Volkspartei (EVP), also der politischen Familie von Fidesz, unterst\u00fctzt wurde Die Europaabgeordneten von Jobbik hielten beide Antr\u00e4ge f\u00fcr inakzeptabel, da sie die auf liberalen Dogmen basierende Migrationspolitik Ungarns [&hellip;]<\/p>\n","protected":false},"author":2,"featured_media":748639,"comment_status":"open","ping_status":"open","sticky":false,"template":"","format":"standard","meta":{"_acf_changed":false,"_display_image":"","footnotes":""},"categories":[1081],"tags":[1082,1632],"class_list":["post-748638","post","type-post","status-publish","format-standard","has-post-thumbnail","hentry","category-politik","tag-europaische-union","tag-jobbik"],"blocksy_meta":[],"acf":[],"author_username":"alk","telegram_post":"","public_post_metadata":{"breaking_news":"","important":"","csempe":"","center_tile":"","disable_thumbnail":"","target_lang":"","_featured_image_style":"","telegram_post":"","_xlat_group_id":""},"public_rank_math_data":{"title":"%title% %sep% %sitename%","description":"","focus_keyword":"Jobbik Artikel 7","canonical_url":"","robots":"","primary_category":"1081","breadcrumb_title":"","facebook_title":"","facebook_description":"","facebook_image":"","facebook_image_id":"","twitter_title":"","twitter_description":"","twitter_image":"","twitter_image_id":"","twitter_card_type":"","twitter_use_facebook":"","advanced_robots":"","pillar_content":"","seo_score":"1","contentai_score":"","rich_snippet":""},"_links":{"self":[{"href":"https:\/\/dailynewshungary.com\/de\/wp-json\/wp\/v2\/posts\/748638","targetHints":{"allow":["GET"]}}],"collection":[{"href":"https:\/\/dailynewshungary.com\/de\/wp-json\/wp\/v2\/posts"}],"about":[{"href":"https:\/\/dailynewshungary.com\/de\/wp-json\/wp\/v2\/types\/post"}],"author":[{"embeddable":true,"href":"https:\/\/dailynewshungary.com\/de\/wp-json\/wp\/v2\/users\/2"}],"replies":[{"embeddable":true,"href":"https:\/\/dailynewshungary.com\/de\/wp-json\/wp\/v2\/comments?post=748638"}],"version-history":[{"count":0,"href":"https:\/\/dailynewshungary.com\/de\/wp-json\/wp\/v2\/posts\/748638\/revisions"}],"wp:featuredmedia":[{"embeddable":true,"href":"https:\/\/dailynewshungary.com\/de\/wp-json\/wp\/v2\/media\/748639"}],"wp:attachment":[{"href":"https:\/\/dailynewshungary.com\/de\/wp-json\/wp\/v2\/media?parent=748638"}],"wp:term":[{"taxonomy":"category","embeddable":true,"href":"https:\/\/dailynewshungary.com\/de\/wp-json\/wp\/v2\/categories?post=748638"},{"taxonomy":"post_tag","embeddable":true,"href":"https:\/\/dailynewshungary.com\/de\/wp-json\/wp\/v2\/tags?post=748638"}],"curies":[{"name":"wp","href":"https:\/\/api.w.org\/{rel}","templated":true}]}}