{"id":748823,"date":"2017-05-12T07:24:23","date_gmt":"2017-05-12T05:24:23","guid":{"rendered":"https:\/\/dailynewshungary.com\/de\/niederlandische-botschaft-startet-corporate-social-responsibility-programm-in-debrecen\/"},"modified":"2017-05-12T07:24:23","modified_gmt":"2017-05-12T05:24:23","slug":"niederlandische-botschaft-startet-corporate-social-responsibility-programm-in-debrecen","status":"publish","type":"post","link":"https:\/\/dailynewshungary.com\/de\/niederlandische-botschaft-startet-corporate-social-responsibility-programm-in-debrecen\/","title":{"rendered":"Niederl\u00e4ndische Botschaft startet Corporate Social Responsibility-Programm in Debrecen"},"content":{"rendered":"<p><strong>Debrecen (MTI) \u2013 Die niederl\u00e4ndische Botschaft startete am Donnerstag ihr Corporate Social Responsibility-Programm mit einer Roadshow in Debrecen in Ostungarn.<\/strong><\/p>\n<p>Ziel des Programms ist es, die Zusammenarbeit und den Aufbau von Partnerschaften zwischen dem kommunalen, Unternehmens- und Zivilsektor zu f\u00f6rdern sowie die Unterst\u00fctzung von NGOs zu st\u00e4rken.<\/p>\n<p>Elzo Molenberg, der stellvertretende Missionschef, sagte, niederl\u00e4ndische Zivilorganisationen spielten eine wichtige Rolle bei der L\u00f6sung gesellschaftlicher Probleme.<\/p>\n<p>Di\u00e1na Sz\u00e9les, die stellvertretende B\u00fcrgermeisterin von Debrecen, stellte fest, dass es in der Stadt 1.600 NGOs gibt, von denen 400 eher aktiv sind.<\/p>\n<p>Attila F\u00fcl\u00f6p, stellvertretender Staatssekret\u00e4r f\u00fcr zivile Beziehungen im Personalministerium, stellte fest, dass in Ungarn 64.000 zivile Organisationen t\u00e4tig sind, von denen sich 98 Prozent auf Kultur, Bildung, Soziales, Gesundheitswesen und Stadtentwicklung spezialisieren, w\u00e4hrend sich 1,1 Prozent mit Rechten befassen Schutz.<\/p>\n<p>B\u00fcrgerliche Gruppen erhielten im Jahr 2010 insgesamt 144 Milliarden Forint (464 Mio. EUR) an staatlichen Subventionen, die bis 2015 auf 202 Milliarden anstiegen, sagte er.<\/p>\n","protected":false},"excerpt":{"rendered":"<p>Debrecen (MTI) \u2013 Die niederl\u00e4ndische Botschaft startete am Donnerstag ihr Corporate Social Responsibility-Programm mit einer Roadshow in Debrecen in Ostungarn. Ziel des Programms ist es, die Zusammenarbeit und den Aufbau von Partnerschaften zwischen dem kommunalen, Unternehmens- und Zivilsektor zu f\u00f6rdern sowie die Unterst\u00fctzung von NGOs zu st\u00e4rken. Elzo Molenberg, der stellvertretende Missionschef, sagte, niederl\u00e4ndische Zivilorganisationen [&hellip;]<\/p>\n","protected":false},"author":2,"featured_media":748824,"comment_status":"open","ping_status":"open","sticky":false,"template":"","format":"standard","meta":{"_acf_changed":false,"_display_image":"","footnotes":""},"categories":[1151],"tags":[2039,1116,1208,1245,1469],"class_list":["post-748823","post","type-post","status-publish","format-standard","has-post-thumbnail","hentry","category-kulturen","tag-benelux","tag-debrecen","tag-ngos","tag-niederlande","tag-veranstaltung"],"blocksy_meta":[],"acf":[],"author_username":"alk","telegram_post":"","public_post_metadata":{"breaking_news":"","important":"","csempe":"","center_tile":"","disable_thumbnail":"","target_lang":"","_featured_image_style":"","telegram_post":"","_xlat_group_id":""},"public_rank_math_data":{"title":"%title% %sep% %sitename%","description":"","focus_keyword":"Niederl\u00e4ndisch Ungarisch","canonical_url":"","robots":"","primary_category":"1151","breadcrumb_title":"","facebook_title":"","facebook_description":"","facebook_image":"","facebook_image_id":"","twitter_title":"","twitter_description":"","twitter_image":"","twitter_image_id":"","twitter_card_type":"","twitter_use_facebook":"","advanced_robots":"","pillar_content":"","seo_score":"1","contentai_score":"","rich_snippet":""},"_links":{"self":[{"href":"https:\/\/dailynewshungary.com\/de\/wp-json\/wp\/v2\/posts\/748823","targetHints":{"allow":["GET"]}}],"collection":[{"href":"https:\/\/dailynewshungary.com\/de\/wp-json\/wp\/v2\/posts"}],"about":[{"href":"https:\/\/dailynewshungary.com\/de\/wp-json\/wp\/v2\/types\/post"}],"author":[{"embeddable":true,"href":"https:\/\/dailynewshungary.com\/de\/wp-json\/wp\/v2\/users\/2"}],"replies":[{"embeddable":true,"href":"https:\/\/dailynewshungary.com\/de\/wp-json\/wp\/v2\/comments?post=748823"}],"version-history":[{"count":0,"href":"https:\/\/dailynewshungary.com\/de\/wp-json\/wp\/v2\/posts\/748823\/revisions"}],"wp:featuredmedia":[{"embeddable":true,"href":"https:\/\/dailynewshungary.com\/de\/wp-json\/wp\/v2\/media\/748824"}],"wp:attachment":[{"href":"https:\/\/dailynewshungary.com\/de\/wp-json\/wp\/v2\/media?parent=748823"}],"wp:term":[{"taxonomy":"category","embeddable":true,"href":"https:\/\/dailynewshungary.com\/de\/wp-json\/wp\/v2\/categories?post=748823"},{"taxonomy":"post_tag","embeddable":true,"href":"https:\/\/dailynewshungary.com\/de\/wp-json\/wp\/v2\/tags?post=748823"}],"curies":[{"name":"wp","href":"https:\/\/api.w.org\/{rel}","templated":true}]}}