{"id":748855,"date":"2017-05-11T11:30:36","date_gmt":"2017-05-11T09:30:36","guid":{"rendered":"https:\/\/dailynewshungary.com\/de\/ungarn-legt-sein-veto-gegen-die-eu-entwicklungsstrategie-zur-forderung-der-migration-ein\/"},"modified":"2017-05-11T11:30:36","modified_gmt":"2017-05-11T09:30:36","slug":"ungarn-legt-sein-veto-gegen-die-eu-entwicklungsstrategie-zur-forderung-der-migration-ein","status":"publish","type":"post","link":"https:\/\/dailynewshungary.com\/de\/ungarn-legt-sein-veto-gegen-die-eu-entwicklungsstrategie-zur-forderung-der-migration-ein\/","title":{"rendered":"Ungarn legt sein Veto gegen die EU-Entwicklungsstrategie zur F\u00f6rderung der Migration ein"},"content":{"rendered":"<p><strong>Budapest (MTI) (Ungarn wird sein Veto gegen ein Entwicklungskonzeptpapier einlegen, das die Europ\u00e4ische Union zu verabschieden vorbereitet, da es hervorhebt, dass Migration positive Auswirkungen auf die Zukunft Europas hat, sagte Ungarns Au\u00dfenminister am Mittwoch.<\/strong><\/p>\n<p>Die EU-Au\u00dfenhandelsminister werden sich am Donnerstag in Br\u00fcssel treffen, um unter anderem das Strategiepapier \u201eThe European Consensus on Development\u201czu diskutieren, das eine Bestimmung enth\u00e4lt, die besagt, dass \u201egut gesteuerte Migration und Mobilit\u00e4t\u201d positiv zu Wachstum und nachhaltiger Entwicklung in Europa beitragen k\u00f6nnten und muss genutzt werden, sagte P\u00e9ter Szijj\u00e1rt\u00f3.<\/p>\n<p>In dem Dokument hei\u00dft es auch, dass Migration Vorteile bringen k\u00f6nnte, indem die F\u00e4higkeiten und das Wissen von Migranten den Mitgliedstaaten zur Verf\u00fcgung gestellt w\u00fcrden, sagte er und wies darauf hin, dass sie eine engere Zusammenarbeit zwischen den EU-L\u00e4ndern weiter f\u00f6rdere, um \u201ceine sichere und verantwortungsvolle Migration und die Mobilit\u00e4t der Menschen\u201d zu erleichtern.<\/p>\n<p>Ungarn k\u00fcndigte am Mittwochmorgen sein Veto gegen das Dokument an, das \u201eEmp\u00f6rung ausl\u00f6ste\u201csagte Szijj\u00e1rt\u00f3 und f\u00fcgte hinzu, dass der EU-Ausschuss der St\u00e4ndigen Vertreter am Morgen wegen des Umzugs suspendiert werden m\u00fcsse.<\/p>\n<p>Ungarn sei von Br\u00fcssel wiederholt aufgefordert worden, von einigen Mitgliedstaaten sogar \u201cgepresst\u201d worden, sein Veto aufzugeben, sagte Szijj\u00e1rt\u00f3 und f\u00fcgte jedoch hinzu, dass die Entscheidung nicht r\u00fcckg\u00e4ngig gemacht werde.<\/p>\n<p>\u201cDie Entscheidung \u00fcber das Veto, das Kabinett wurde auch auf der Sitzung am Mittwoch diskutiert, ist klar, Ungarn wird es aufrechterhalten\u201d Szijjart, beharrte darauf, dass die Entwicklungsstrategie, die die Mitgliedstaaten zur Unterst\u00fctzung aufruft, ablehnen w\u00fcrde.<\/p>\n<p>Migration habe in letzter Zeit viele Risiken f\u00fcr Europa mit sich gebracht, sie habe die Sicherheit auf dem Kontinent gef\u00e4hrdet, sagte Szijj\u00e1rt\u00f3 und f\u00fcgte hinzu, dass Ungarn das EU-Dokument aus diesem Grund nicht unterst\u00fctzen k\u00f6nne.<\/p>\n<p>Er sagte, dass er Ungarn beim Ministertreffen am Donnerstag in Br\u00fcssel vertreten werde.<\/p>\n","protected":false},"excerpt":{"rendered":"<p>Budapest (MTI) (Ungarn wird sein Veto gegen ein Entwicklungskonzeptpapier einlegen, das die Europ\u00e4ische Union zu verabschieden vorbereitet, da es hervorhebt, dass Migration positive Auswirkungen auf die Zukunft Europas hat, sagte Ungarns Au\u00dfenminister am Mittwoch. Die EU-Au\u00dfenhandelsminister werden sich am Donnerstag in Br\u00fcssel treffen, um unter anderem das Strategiepapier \u201eThe European Consensus on Development\u201czu diskutieren, das [&hellip;]<\/p>\n","protected":false},"author":2,"featured_media":748856,"comment_status":"open","ping_status":"open","sticky":false,"template":"","format":"standard","meta":{"_acf_changed":false,"_display_image":"","footnotes":""},"categories":[1081],"tags":[1470,1082,1871,1445],"class_list":["post-748855","post","type-post","status-publish","format-standard","has-post-thumbnail","hentry","category-politik","tag-ausenministerium-fur-ungarn","tag-europaische-union","tag-migrantenquoten","tag-migration"],"blocksy_meta":[],"acf":[],"author_username":"alk","telegram_post":"","public_post_metadata":{"breaking_news":"","important":"","csempe":"","center_tile":"","disable_thumbnail":"","target_lang":"","_featured_image_style":"","telegram_post":"","_xlat_group_id":""},"public_rank_math_data":{"title":"%title% %sep% %sitename%","description":"","focus_keyword":"Ungarn EU","canonical_url":"","robots":"","primary_category":"1081","breadcrumb_title":"","facebook_title":"","facebook_description":"","facebook_image":"","facebook_image_id":"","twitter_title":"","twitter_description":"","twitter_image":"","twitter_image_id":"","twitter_card_type":"","twitter_use_facebook":"","advanced_robots":"","pillar_content":"","seo_score":"5","contentai_score":"","rich_snippet":""},"_links":{"self":[{"href":"https:\/\/dailynewshungary.com\/de\/wp-json\/wp\/v2\/posts\/748855","targetHints":{"allow":["GET"]}}],"collection":[{"href":"https:\/\/dailynewshungary.com\/de\/wp-json\/wp\/v2\/posts"}],"about":[{"href":"https:\/\/dailynewshungary.com\/de\/wp-json\/wp\/v2\/types\/post"}],"author":[{"embeddable":true,"href":"https:\/\/dailynewshungary.com\/de\/wp-json\/wp\/v2\/users\/2"}],"replies":[{"embeddable":true,"href":"https:\/\/dailynewshungary.com\/de\/wp-json\/wp\/v2\/comments?post=748855"}],"version-history":[{"count":0,"href":"https:\/\/dailynewshungary.com\/de\/wp-json\/wp\/v2\/posts\/748855\/revisions"}],"wp:featuredmedia":[{"embeddable":true,"href":"https:\/\/dailynewshungary.com\/de\/wp-json\/wp\/v2\/media\/748856"}],"wp:attachment":[{"href":"https:\/\/dailynewshungary.com\/de\/wp-json\/wp\/v2\/media?parent=748855"}],"wp:term":[{"taxonomy":"category","embeddable":true,"href":"https:\/\/dailynewshungary.com\/de\/wp-json\/wp\/v2\/categories?post=748855"},{"taxonomy":"post_tag","embeddable":true,"href":"https:\/\/dailynewshungary.com\/de\/wp-json\/wp\/v2\/tags?post=748855"}],"curies":[{"name":"wp","href":"https:\/\/api.w.org\/{rel}","templated":true}]}}