{"id":748906,"date":"2017-05-09T14:19:10","date_gmt":"2017-05-09T12:19:10","guid":{"rendered":"https:\/\/dailynewshungary.com\/de\/die-politische-zukunft-ungarns-wendet-sich-an-die-wahl-2018-sagt-der-sozialistische-europaabgeordnete-ujhelyi\/"},"modified":"2017-05-09T14:19:10","modified_gmt":"2017-05-09T12:19:10","slug":"die-politische-zukunft-ungarns-wendet-sich-an-die-wahl-2018-sagt-der-sozialistische-europaabgeordnete-ujhelyi","status":"publish","type":"post","link":"https:\/\/dailynewshungary.com\/de\/die-politische-zukunft-ungarns-wendet-sich-an-die-wahl-2018-sagt-der-sozialistische-europaabgeordnete-ujhelyi\/","title":{"rendered":"Die politische Zukunft Ungarns wendet sich an die Wahl 2018, sagt der sozialistische Europaabgeordnete Ujhelyi"},"content":{"rendered":"<p><strong>Budapest, 9. Mai (MTI) \u2013 Die Parlamentswahlen 2018 werden dar\u00fcber entscheiden, ob Ungarn den Weg der Europ\u00e4ischen Union fortsetzt oder sich auf die Seite von Putins Russland stellt, sagte Istv\u00e1n Ujhelyi, Europaabgeordneter und stellvertretender Vorsitzender der Sozialistischen Partei, am Dienstag.<\/strong><\/p>\n<p>Bei einer Pressekonferenz vor dem Parlament stellte Ujhelyi fest, dass der 9. Mai der Europatag sei, ein Grund zum Feiern im gesamten Block. In Ungarn ziert die EU-Flagge das Parlament jedoch nur, wenn die Sozialisten sie an einem Fenster aufh\u00e4ngen, sagte er.<\/p>\n<p>Ujhelyi sagte, dass L\u00e1szl\u00f3 Botka, der Kandidat des sozialdemokratischen Premierministers, in seinem Programm eine proeurop\u00e4ische Agenda vorlegen werde und dass Ungarns n\u00e4chstes Parlament, das sich mehrheitlich aus europ\u00e4isch orientierten Demokraten zusammensetze, die EU-Flagge an das Geb\u00e4ude zur\u00fcckgeben werde.<\/p>\n<p>\u201cAnstatt einen Krieg gegen Br\u00fcssel zu f\u00fchren, w\u00fcrde unser Programm die Einf\u00fchrung des Euro, die Schaffung einer gerechten Gesellschaft und die Beteiligung an den EU-Reformen vorsehen\u201d, sagte er.<\/p>\n<p>Die Anfang des Jahres angek\u00fcndigte \u201eeurop\u00e4ische Revolution\u201c-Ministerpr\u00e4sident Viktor Orb\u00e1n sei in den Niederlanden, \u00d6sterreich und Frankreich gescheitert, sagte Ujhelyi. \u201e[Die rechte franz\u00f6sische Pr\u00e4sidentschaftskandidatin Marine] Le Pen und Orb\u00e1n gelten in Europa als Subversive, die versuchen, die EU aufzul\u00f6sen, und die Gegenreaktion ist nun eingetroffen\u201d, sagte er und bezog sich dabei auf die niederl\u00e4ndischen Parlamentswahlen sowie die \u00f6sterreichischen und franz\u00f6sischen Pr\u00e4sidentschaftswahlen, bei denen sich alle proeurop\u00e4ischen Kr\u00e4fte durchsetzten.<\/p>\n<p>Emmanuel Macron, der am Sonntag gew\u00e4hlte franz\u00f6sische Pr\u00e4sident, und andere pro-europ\u00e4ische Politiker tr\u00e4umen von einem Europa, in dem Orbans illiberale Politik keinen Platz hat, sagte UjhelyiWenn das amtierende Establishment bei den kommenden Wahlen nicht \u201cger\u00e4umt\u201d wird, laufen alle Ungarn Gefahr, im sicheren Fortschritt, den die EU bietet, zur\u00fcckgelassen zu werden, sagte er.<\/p>\n<p><em>Foto: www.infocegled.hu<\/em><\/p>\n","protected":false},"excerpt":{"rendered":"<p>Budapest, 9. Mai (MTI) \u2013 Die Parlamentswahlen 2018 werden dar\u00fcber entscheiden, ob Ungarn den Weg der Europ\u00e4ischen Union fortsetzt oder sich auf die Seite von Putins Russland stellt, sagte Istv\u00e1n Ujhelyi, Europaabgeordneter und stellvertretender Vorsitzender der Sozialistischen Partei, am Dienstag. Bei einer Pressekonferenz vor dem Parlament stellte Ujhelyi fest, dass der 9. Mai der Europatag [&hellip;]<\/p>\n","protected":false},"author":2,"featured_media":748907,"comment_status":"open","ping_status":"open","sticky":false,"template":"","format":"standard","meta":{"_acf_changed":false,"_display_image":"","footnotes":""},"categories":[1081],"tags":[1082,1249,1695,3695],"class_list":["post-748906","post","type-post","status-publish","format-standard","has-post-thumbnail","hentry","category-politik","tag-europaische-union","tag-frankreich","tag-sozialisten","tag-wahl-2018"],"blocksy_meta":[],"acf":[],"author_username":"alk","telegram_post":"","public_post_metadata":{"breaking_news":"","important":"","csempe":"","center_tile":"","disable_thumbnail":"","target_lang":"","_featured_image_style":"","telegram_post":"","_xlat_group_id":""},"public_rank_math_data":{"title":"%title% %sep% %sitename%","description":"","focus_keyword":"Sozialisten Ujhelyi","canonical_url":"","robots":"","primary_category":"1081","breadcrumb_title":"","facebook_title":"","facebook_description":"","facebook_image":"","facebook_image_id":"","twitter_title":"","twitter_description":"","twitter_image":"","twitter_image_id":"","twitter_card_type":"","twitter_use_facebook":"","advanced_robots":"","pillar_content":"","seo_score":"2","contentai_score":"","rich_snippet":""},"_links":{"self":[{"href":"https:\/\/dailynewshungary.com\/de\/wp-json\/wp\/v2\/posts\/748906","targetHints":{"allow":["GET"]}}],"collection":[{"href":"https:\/\/dailynewshungary.com\/de\/wp-json\/wp\/v2\/posts"}],"about":[{"href":"https:\/\/dailynewshungary.com\/de\/wp-json\/wp\/v2\/types\/post"}],"author":[{"embeddable":true,"href":"https:\/\/dailynewshungary.com\/de\/wp-json\/wp\/v2\/users\/2"}],"replies":[{"embeddable":true,"href":"https:\/\/dailynewshungary.com\/de\/wp-json\/wp\/v2\/comments?post=748906"}],"version-history":[{"count":0,"href":"https:\/\/dailynewshungary.com\/de\/wp-json\/wp\/v2\/posts\/748906\/revisions"}],"wp:featuredmedia":[{"embeddable":true,"href":"https:\/\/dailynewshungary.com\/de\/wp-json\/wp\/v2\/media\/748907"}],"wp:attachment":[{"href":"https:\/\/dailynewshungary.com\/de\/wp-json\/wp\/v2\/media?parent=748906"}],"wp:term":[{"taxonomy":"category","embeddable":true,"href":"https:\/\/dailynewshungary.com\/de\/wp-json\/wp\/v2\/categories?post=748906"},{"taxonomy":"post_tag","embeddable":true,"href":"https:\/\/dailynewshungary.com\/de\/wp-json\/wp\/v2\/tags?post=748906"}],"curies":[{"name":"wp","href":"https:\/\/api.w.org\/{rel}","templated":true}]}}