{"id":748963,"date":"2017-05-07T17:20:46","date_gmt":"2017-05-07T15:20:46","guid":{"rendered":"https:\/\/dailynewshungary.com\/de\/migration-der-ungarn-nach-deutschland-um-zu-verlangsamen\/"},"modified":"2017-05-07T17:20:46","modified_gmt":"2017-05-07T15:20:46","slug":"migration-der-ungarn-nach-deutschland-um-zu-verlangsamen","status":"publish","type":"post","link":"https:\/\/dailynewshungary.com\/de\/migration-der-ungarn-nach-deutschland-um-zu-verlangsamen\/","title":{"rendered":"Migration der Ungarn nach Deutschland, um zu verlangsamen"},"content":{"rendered":"<p><strong>Der deutsche Arbeitsmarkt sei trotz der Zahl der Fl\u00fcchtlinge, die Deutschland aufgenommen habe, und des st\u00e4ndigen Zustroms von Osteurop\u00e4ern in hervorragender Verfassung, sagt privatbankar.hu. Die Zahl der Ungarn steigt, aber der Anstieg ist langsamer als zuvor. Es ist bereits bekannt, wie viele Ungarn im April in Deutschland arbeitslos waren.<\/strong><\/p>\n<p>Die deutsche Presse berichtet, dass der deutsche Arbeitsmarkt immer noch in einer hervorragenden Verfassung seiIn den letzten 25 Jahren, in denen es diesen April die wenigsten Arbeitslosen gibt, waren nur 2,569 Millionen Menschen auf Arbeitssuche, das sind um 175 Tausend weniger als im VorjahrDie Arbeitslosenquote liegt bei 5,8.<\/p>\n<p>Der folgende Bericht \u00fcber die osteurop\u00e4ischen Arbeitnehmer \u2013 genauer gesagt \u00fcber die 15 L\u00e4nder, die w\u00e4hrend der mehrstufigen Erweiterung der EU in den deutschen Arbeitsmarkt eingestiegen sind (jetzt wurde der Bericht ver\u00f6ffentlicht. Diese 15 L\u00e4nder enthalten die sieben L\u00e4nder, die mit Ungarn der EU beitreten, n\u00e4mlich die PIGS (Portugal, Italien, Griechenland, Spanien), Rum\u00e4nien, Bulgarien und Kroatien.<\/p>\n<p>Nach Angaben der Bundesagentur f\u00fcr Arbeit (Bundesagentur f\u00fcr Arbeit) waren im Februar 99.397 ungarische Staatsb\u00fcrger in Deutschland besch\u00e4ftigt, das sind etwas weniger als in der Spitze im November (100.836 Personen), daf\u00fcr aber um Hunderte mehr als im Vormonat. (Im Winter, im Dezember und Januar ist es \u00fcblich, dass die Zahl der Besch\u00e4ftigten saisonal abnimmt) Das sind um 8.742 mehr als im Vorjahr, was eine Verlangsamungstendenz zeigt: Es gab Zeiten, in denen in zwei Folgejahren die Zahl der Neubesch\u00e4ftigten \u00fcber 15 Tausend lag.<\/p>\n<p>Die folgende Grafik zeigt die Anzahl der ungarischen Besch\u00e4ftigten in Deutschland mit der wei\u00dfen Linie, die die Ungarn repr\u00e4sentiert, w\u00e4hrend die schwarze Linie alle 15 genannten L\u00e4nder repr\u00e4sentiert Die horizontale Achse steht f\u00fcr die Monate, w\u00e4hrend die vertikale Achse links die Anzahl der Ungarn und rechts die Anzahl der Personen aus den 15 L\u00e4ndern insgesamt darstellt.<\/p>\n<p><img decoding=\"async\" class=\"cikkep aligncenter\" src=\"http:\/\/www.privatbankar.hu\/data\/cikk\/30\/69\/79\/cikk_306979\/nemetmagyar1.jpg\" alt=\"Nemetmagyar\" align=\"center\"><\/p>\n<p>In einem Jahr kamen 272 Tausende Menschen aus den bereits genannten 15 L\u00e4ndern und aus anderen L\u00e4ndern auf den deutschen Arbeitsmarkt, die auch die Fl\u00fcchtlinge enthielten &#8211; was einer Erweiterung um 13 Prozent entspricht. Die Zahl der Arbeitslosen stieg bei Ausl\u00e4ndern um 12 Prozent, w\u00e4hrend die Zahl der Menschen, die Anspruch auf finanzielle Unterst\u00fctzung hatten, um 47 Prozent stieg, also um 429 Tausende Menschen.<\/p>\n<p>W\u00e4hrend die Zahl der aus EU-L\u00e4ndern kommenden Arbeitnehmer um 14 Prozent (152 Tausend Menschen) stieg, stieg die Zahl der Arbeitslosen unter ihnen nur um 1,8 Prozent und die Zahl der Personen, die Anspruch auf finanzielle Unterst\u00fctzung hatten, nur um 6,5 Prozent Die Zahl der ungarischen Arbeitslosen betrug im April 11.569.<\/p>\n<p>Auch die Zahl der erwerbst\u00e4tigen Fl\u00fcchtlinge stieg um 48 Prozent, ist aber immer noch sehr gering, da sie nur 59 Tausend Menschen bedeutet.<\/p>\n<p>Der bayerische konservative und christdemokratische Politiker (CSU) Horst Seehofer hat k\u00fcrzlich auf eine St\u00e4rkung der Grenzschutzma\u00dfnahmen gedr\u00e4ngt. <a href=\"http:\/\/www.spiegel.de\/politik\/deutschland\/fluechtlinge-horst-seehofer-will-grenzkontrollen-verlaengern-a-1145856.html\" target=\"_blank\" rel=\"noopener noreferrer\">Der Speigel<\/a> Schrieb er die Fl\u00fcchtlinge von Deutschland fernhalten und sie der Obhut Italiens und Griechenlands anvertrauen w\u00fcrde.<\/p>\n<p>Die folgende Grafik zeigt den Anstieg der Zahl der ungarischen Arbeitnehmer in Deutschland im Vergleich zu den gleichen Monaten der Vorjahre. Die horizontale Achse steht f\u00fcr die Monate, w\u00e4hrend die vertikale Achse die Anzahl der Personen darstellt.<\/p>\n<p><img decoding=\"async\" class=\"cikkep aligncenter\" src=\"http:\/\/www.privatbankar.hu\/data\/cikk\/30\/69\/79\/cikk_306979\/nemetmagyar2.jpg\" alt=\"Nemetmagyar\" align=\"center\"><\/p>\n<p>Ce: bm<\/p>\n","protected":false},"excerpt":{"rendered":"<p>Der deutsche Arbeitsmarkt sei trotz der Zahl der Fl\u00fcchtlinge, die Deutschland aufgenommen habe, und des st\u00e4ndigen Zustroms von Osteurop\u00e4ern in hervorragender Verfassung, sagt privatbankar.hu. Die Zahl der Ungarn steigt, aber der Anstieg ist langsamer als zuvor. Es ist bereits bekannt, wie viele Ungarn im April in Deutschland arbeitslos waren. Die deutsche Presse berichtet, dass der [&hellip;]<\/p>\n","protected":false},"author":14,"featured_media":748964,"comment_status":"open","ping_status":"open","sticky":false,"template":"","format":"standard","meta":{"_acf_changed":false,"_display_image":"","footnotes":""},"categories":[1098],"tags":[1096,1177,1082,1445,1104],"class_list":["post-748963","post","type-post","status-publish","format-standard","has-post-thumbnail","hentry","category-gesellschaft","tag-arbeitsmarkt","tag-deutschland","tag-europaische-union","tag-migration","tag-wirtschaft"],"blocksy_meta":[],"acf":[],"author_username":"fegyo.kinga","telegram_post":"","public_post_metadata":{"breaking_news":"","important":"","csempe":"","center_tile":"","disable_thumbnail":"","target_lang":"","_featured_image_style":"","telegram_post":"","_xlat_group_id":""},"public_rank_math_data":{"title":"%title% %sep% %sitename%","description":"","focus_keyword":"Migration Deutschland verlangsamt sich","canonical_url":"","robots":"","primary_category":"1098","breadcrumb_title":"","facebook_title":"","facebook_description":"","facebook_image":"","facebook_image_id":"","twitter_title":"","twitter_description":"","twitter_image":"","twitter_image_id":"","twitter_card_type":"","twitter_use_facebook":"","advanced_robots":"","pillar_content":"","seo_score":"","contentai_score":"","rich_snippet":""},"_links":{"self":[{"href":"https:\/\/dailynewshungary.com\/de\/wp-json\/wp\/v2\/posts\/748963","targetHints":{"allow":["GET"]}}],"collection":[{"href":"https:\/\/dailynewshungary.com\/de\/wp-json\/wp\/v2\/posts"}],"about":[{"href":"https:\/\/dailynewshungary.com\/de\/wp-json\/wp\/v2\/types\/post"}],"author":[{"embeddable":true,"href":"https:\/\/dailynewshungary.com\/de\/wp-json\/wp\/v2\/users\/14"}],"replies":[{"embeddable":true,"href":"https:\/\/dailynewshungary.com\/de\/wp-json\/wp\/v2\/comments?post=748963"}],"version-history":[{"count":0,"href":"https:\/\/dailynewshungary.com\/de\/wp-json\/wp\/v2\/posts\/748963\/revisions"}],"wp:featuredmedia":[{"embeddable":true,"href":"https:\/\/dailynewshungary.com\/de\/wp-json\/wp\/v2\/media\/748964"}],"wp:attachment":[{"href":"https:\/\/dailynewshungary.com\/de\/wp-json\/wp\/v2\/media?parent=748963"}],"wp:term":[{"taxonomy":"category","embeddable":true,"href":"https:\/\/dailynewshungary.com\/de\/wp-json\/wp\/v2\/categories?post=748963"},{"taxonomy":"post_tag","embeddable":true,"href":"https:\/\/dailynewshungary.com\/de\/wp-json\/wp\/v2\/tags?post=748963"}],"curies":[{"name":"wp","href":"https:\/\/api.w.org\/{rel}","templated":true}]}}