{"id":748977,"date":"2017-05-07T09:00:35","date_gmt":"2017-05-07T07:00:35","guid":{"rendered":"https:\/\/dailynewshungary.com\/de\/ungarns-justizminister-abschiebung-soll-auf-eu-ebene-gehandhabt-werden\/"},"modified":"2017-05-07T09:00:35","modified_gmt":"2017-05-07T07:00:35","slug":"ungarns-justizminister-abschiebung-soll-auf-eu-ebene-gehandhabt-werden","status":"publish","type":"post","link":"https:\/\/dailynewshungary.com\/de\/ungarns-justizminister-abschiebung-soll-auf-eu-ebene-gehandhabt-werden\/","title":{"rendered":"Ungarns Justizminister: Abschiebung soll auf EU-Ebene gehandhabt werden"},"content":{"rendered":"<p><strong>Wien (MTI) \u2013 Die Abschiebung abgelehnter Asylbewerber sei eine gro\u00dfe fl\u00fcchtlingspolitische Herausforderung, die auf EU-Ebene bew\u00e4ltigt werden m\u00fcsse, sagte L\u00e1szl\u00f3 Tr\u00f3cs\u00e1nyi, Ungarns Justizminister, in einem \u00f6sterreichischen Papier.<\/strong><\/p>\n<p>In einem am Samstag in der Presse abgedruckten Interview sagte er, dass eine Ausweisung aus EU-Mitgliedstaaten aus verschiedenen Gr\u00fcnden in den meisten F\u00e4llen \u201cnicht m\u00f6glich\u201d seiAus diesem Grund bestehe ein dringender Bedarf an einer EU-weiten Regelung der Abschiebungspraktikenf\u00fcgte er hinzu.<\/p>\n<p>Das Thema, so der Minister, solle von der europ\u00e4ischen Grenzkontrollagentur Frontex in Angriff genommen werdenAuf Anfrage unterst\u00fctze die Agentur die Mitgliedstaaten bereits mit insgesamt 700 Mitarbeitern bei der Abschiebung, f\u00fcgte er hinzu.<\/p>\n<p>Tr\u00f3cs\u00e1nyi sagte, Frontex sollten weitere Befugnisse und Mittel erhalten und die abgelehnten Asylsuchenden in ihre Herkunftsl\u00e4nder zur\u00fcckgeschickt werden. Es w\u00e4re insbesondere f\u00fcr die kleineren Mitgliedstaaten eine gro\u00dfe Hilfe, wenn Frontex direkt mit den Entsendel\u00e4ndern \u00fcber deren Aufnahme verhandeln w\u00fcrde, sagte er.<\/p>\n<p>Tr\u00f3cs\u00e1nyi sagte, dass die Verteilung von Migranten im Rahmen des obligatorischen Quotensystems eine schlechte Botschaft bringe und die Migration f\u00f6rdere. Dar\u00fcber hinaus sei das System wirkungslos, da sich die meisten Migranten in einigen wenigen Mitgliedstaaten und nicht in Rum\u00e4nien oder Ungarn niederlassen wollten.<\/p>\n<p><em>Foto: MTI<\/em><\/p>\n","protected":false},"excerpt":{"rendered":"<p>Wien (MTI) \u2013 Die Abschiebung abgelehnter Asylbewerber sei eine gro\u00dfe fl\u00fcchtlingspolitische Herausforderung, die auf EU-Ebene bew\u00e4ltigt werden m\u00fcsse, sagte L\u00e1szl\u00f3 Tr\u00f3cs\u00e1nyi, Ungarns Justizminister, in einem \u00f6sterreichischen Papier. In einem am Samstag in der Presse abgedruckten Interview sagte er, dass eine Ausweisung aus EU-Mitgliedstaaten aus verschiedenen Gr\u00fcnden in den meisten F\u00e4llen \u201cnicht m\u00f6glich\u201d seiAus diesem Grund [&hellip;]<\/p>\n","protected":false},"author":2,"featured_media":748978,"comment_status":"open","ping_status":"open","sticky":false,"template":"","format":"standard","meta":{"_acf_changed":false,"_display_image":"","footnotes":""},"categories":[1081],"tags":[1082,1871,1445,1267],"class_list":["post-748977","post","type-post","status-publish","format-standard","has-post-thumbnail","hentry","category-politik","tag-europaische-union","tag-migrantenquoten","tag-migration","tag-rechte"],"blocksy_meta":[],"acf":[],"author_username":"alk","telegram_post":"","public_post_metadata":{"breaking_news":"","important":"","csempe":"","center_tile":"","disable_thumbnail":"","target_lang":"","_featured_image_style":"","telegram_post":"","_xlat_group_id":""},"public_rank_math_data":{"title":"%title% %sep% %sitename%","description":"","focus_keyword":"Eu-abschiebung","canonical_url":"","robots":"","primary_category":"1081","breadcrumb_title":"","facebook_title":"","facebook_description":"","facebook_image":"","facebook_image_id":"","twitter_title":"","twitter_description":"","twitter_image":"","twitter_image_id":"","twitter_card_type":"","twitter_use_facebook":"","advanced_robots":"","pillar_content":"","seo_score":"2","contentai_score":"","rich_snippet":""},"_links":{"self":[{"href":"https:\/\/dailynewshungary.com\/de\/wp-json\/wp\/v2\/posts\/748977","targetHints":{"allow":["GET"]}}],"collection":[{"href":"https:\/\/dailynewshungary.com\/de\/wp-json\/wp\/v2\/posts"}],"about":[{"href":"https:\/\/dailynewshungary.com\/de\/wp-json\/wp\/v2\/types\/post"}],"author":[{"embeddable":true,"href":"https:\/\/dailynewshungary.com\/de\/wp-json\/wp\/v2\/users\/2"}],"replies":[{"embeddable":true,"href":"https:\/\/dailynewshungary.com\/de\/wp-json\/wp\/v2\/comments?post=748977"}],"version-history":[{"count":0,"href":"https:\/\/dailynewshungary.com\/de\/wp-json\/wp\/v2\/posts\/748977\/revisions"}],"wp:featuredmedia":[{"embeddable":true,"href":"https:\/\/dailynewshungary.com\/de\/wp-json\/wp\/v2\/media\/748978"}],"wp:attachment":[{"href":"https:\/\/dailynewshungary.com\/de\/wp-json\/wp\/v2\/media?parent=748977"}],"wp:term":[{"taxonomy":"category","embeddable":true,"href":"https:\/\/dailynewshungary.com\/de\/wp-json\/wp\/v2\/categories?post=748977"},{"taxonomy":"post_tag","embeddable":true,"href":"https:\/\/dailynewshungary.com\/de\/wp-json\/wp\/v2\/tags?post=748977"}],"curies":[{"name":"wp","href":"https:\/\/api.w.org\/{rel}","templated":true}]}}