{"id":748991,"date":"2017-05-06T15:00:55","date_gmt":"2017-05-06T13:00:55","guid":{"rendered":"https:\/\/dailynewshungary.com\/de\/kabinett-orban-brussel-greift-nationale-konsultation-an-verfalscht-oder-verschweigt-aber-bestimmte-fakten\/"},"modified":"2017-05-06T15:00:55","modified_gmt":"2017-05-06T13:00:55","slug":"kabinett-orban-brussel-greift-nationale-konsultation-an-verfalscht-oder-verschweigt-aber-bestimmte-fakten","status":"publish","type":"post","link":"https:\/\/dailynewshungary.com\/de\/kabinett-orban-brussel-greift-nationale-konsultation-an-verfalscht-oder-verschweigt-aber-bestimmte-fakten\/","title":{"rendered":"Kabinett Orb\u00e1n: Br\u00fcssel greift nationale Konsultation an, verf\u00e4lscht oder verschweigt aber bestimmte Fakten"},"content":{"rendered":"<p><strong>Der Staatsminister f\u00fcr Regierungskommunikation ist der Ansicht, dass Br\u00fcssel die derzeit laufende nationale Konsultation angegriffen hat, w\u00e4hrend sie grundlegende Fakten verschleiert oder verzerrt.<\/strong><\/p>\n<p>Bei seiner Pressekonferenz, die am Freitag in Budapest stattfand, nannte Bence Tuzson als Beispiel die Einwanderungspolitik, in deren Zusammenhang Br\u00fcssel, so sagte er, in seinem Schreiben die wichtige Tatsache \u201cverheimlicht\u201d, dass die Europ\u00e4ische Kommission bereits einen Beschluss \u00fcber eine Regelung zur Verteilung von Migranten innerhalb Europas ohne Obergrenze gefasst habeDie L\u00e4nder, die nicht bereit sind, diese Entscheidung umzusetzen, m\u00fcssten eine Geldbu\u00dfe zahlen, f\u00fcgte er hinzu und erkl\u00e4rte: Ungarn ist damit entschieden nicht einverstanden, weil es den Schutz der Grenzen untergraben w\u00fcrde.<\/p>\n<p>Als Antwort auf eine Frage betonte er, dass sie im Interesse der Aufrechterhaltung der Transitzonen auf alle verf\u00fcgbaren rechtlichen M\u00f6glichkeiten zur\u00fcckgreifen w\u00fcrden.<\/p>\n<p>Er erw\u00e4hnte das Thema Energiepolitik weiter, denn w\u00e4hrend Br\u00fcssel behauptet, dass die Energieunion, die Liberalisierung der Strompreise, die Geb\u00fchren senken w\u00fcrde, ist es ganz offensichtlich: Die Strompreise stiegen zwischen 2010 und 2015 in der EU im Durchschnitt um 20 Prozent. \u201eNat\u00fcrlich fuhr er fort, \u201eauf einem liberalisierten Energiemarkt, auf dem multinationale Unternehmen und gro\u00dfe Dienstleister die Energiepreise festlegen sollen, k\u00f6nnen wir mit Sicherheit mit einem Preisanstieg rechnen.\u201cEr betonte: Im genannten Zeitraum sind die Energiepreise in Ungarn in der gesamten EU am st\u00e4rksten gesunken. Ungarn m\u00f6chte daher die Senkung der Versorgungsgeb\u00fchren f\u00fcr Haushalte beibehalten. Die Verabschiedung der geplanten Energieunion-Verordnung w\u00fcrde jedoch damit verschwinden, sagte er.<\/p>\n<p>Der Staatsminister sprach auch \u00fcber aus dem Ausland finanzierte Organisationen. Er machte darauf aufmerksam, dass der Vorschlag der Kommission f\u00fcr die Europ\u00e4ische Union viel strengere Vorschriften f\u00fcr die Publizit\u00e4t der Finanzierung von Nichtregierungsorganisationen einf\u00fchren w\u00fcrde als die der ungarischen Gesetzgebung. Sie m\u00fcssten detaillierte Berichte \u00fcber ihre Finanzierung vorlegen, die Leiter von NGOs m\u00fcssten \u00fcber eine bestimmte Grenze hinaus Verm\u00f6gen offenlegen, und sie m\u00fcssten zus\u00e4tzlich auch \u00fcber ihre Konsultationen mit Mitgliedern des Europ\u00e4ischen Parlaments und Mitgliedern der Europ\u00e4ischen Kommission Rechenschaft ablegen, bekr\u00e4ftigte er Im Gegensatz dazu w\u00fcrden sich die ungarischen Rechtsvorschriften nur auf ihre finanzielle Transparenz beziehen, wies er darauf hin.<\/p>\n<p>Herr Tuzson sagte: Das ungarische Kabinett wird ausf\u00fchrlich auf den Br\u00fcsseler Brief antworten, in dem es die an die Regierung gerichtete nationale Konsultation angreift, und seine Antwort wird innerhalb weniger Tage auf der Website kormany.hu ver\u00f6ffentlicht.<\/p>\n<p>Br\u00fcssel will in seiner Bewertung immer mehr Macht bei der Festsetzung der Haushaltsgeb\u00fchren beanspruchen, aber auch in den Bereichen Einwanderung und Finanzpolitik. Diese Versuche, den Nationalstaaten die Macht zu entziehen, gef\u00e4hrden jedoch unsere nationalen Interessen und die Souver\u00e4nit\u00e4t des Landes, sagte er und forderte die B\u00fcrger auf, den nationalen Konsultationsfragebogen auszuf\u00fcllen. Seinen Informationen zufolge haben dies bisher etwa 900 Tausend Menschen getan.<\/p>\n<p>Im Zusammenhang mit der Aufhebung der \u00c4nderung des Tierschutzgesetzes sagte der Staatsminister f\u00fcr Regierungskommunikation: Die Regierung hat die Aufhebung der vorgeschlagenen \u00c4nderung aufgrund der in der Presse in Bezug auf das Gesetz aufgetauchten Behauptungen beschlossen Vorschlag und die daraus resultierende Debatte. Die Regierung versucht, einen nationalen Konsens zu diesem Thema zu erzielen.<\/p>\n<p>Zum Fall des Sonderheims G\u00f6d Toph\u00e1z, das Menschen mit Behinderungen betreut \u2013 wo nach Ansicht einer internationalen Nichtregierungsorganisation die Umst\u00e4nde \u00e4u\u00dferst schlecht sind, sagte Herr Tuzson als Abgeordneter des Wahlkreises: Wenn die Ergebnisse des Berichts vorliegen Wenn sich herausstellt, dass dies der Fall ist, m\u00fcssen diese schockierenden Umst\u00e4nde beendet und die notwendigen Schlussfolgerungen gezogen werden.<\/p>\n<p><em>Foto: MTI<\/em><\/p>\n","protected":false},"excerpt":{"rendered":"<p>Der Staatsminister f\u00fcr Regierungskommunikation ist der Ansicht, dass Br\u00fcssel die derzeit laufende nationale Konsultation angegriffen hat, w\u00e4hrend sie grundlegende Fakten verschleiert oder verzerrt. Bei seiner Pressekonferenz, die am Freitag in Budapest stattfand, nannte Bence Tuzson als Beispiel die Einwanderungspolitik, in deren Zusammenhang Br\u00fcssel, so sagte er, in seinem Schreiben die wichtige Tatsache \u201cverheimlicht\u201d, dass die [&hellip;]<\/p>\n","protected":false},"author":2,"featured_media":748992,"comment_status":"open","ping_status":"open","sticky":false,"template":"","format":"standard","meta":{"_acf_changed":false,"_display_image":"","footnotes":""},"categories":[1081],"tags":[1082],"class_list":["post-748991","post","type-post","status-publish","format-standard","has-post-thumbnail","hentry","category-politik","tag-europaische-union"],"blocksy_meta":[],"acf":[],"author_username":"alk","telegram_post":"","public_post_metadata":{"breaking_news":"","important":"","csempe":"","center_tile":"","disable_thumbnail":"","target_lang":"","_featured_image_style":"","telegram_post":"","_xlat_group_id":""},"public_rank_math_data":{"title":"%title% %sep% %sitename%","description":"","focus_keyword":"Nationale Konsultation Ungarn","canonical_url":"","robots":"","primary_category":"1081","breadcrumb_title":"","facebook_title":"","facebook_description":"","facebook_image":"","facebook_image_id":"","twitter_title":"","twitter_description":"","twitter_image":"","twitter_image_id":"","twitter_card_type":"","twitter_use_facebook":"","advanced_robots":"","pillar_content":"","seo_score":"5","contentai_score":"","rich_snippet":""},"_links":{"self":[{"href":"https:\/\/dailynewshungary.com\/de\/wp-json\/wp\/v2\/posts\/748991","targetHints":{"allow":["GET"]}}],"collection":[{"href":"https:\/\/dailynewshungary.com\/de\/wp-json\/wp\/v2\/posts"}],"about":[{"href":"https:\/\/dailynewshungary.com\/de\/wp-json\/wp\/v2\/types\/post"}],"author":[{"embeddable":true,"href":"https:\/\/dailynewshungary.com\/de\/wp-json\/wp\/v2\/users\/2"}],"replies":[{"embeddable":true,"href":"https:\/\/dailynewshungary.com\/de\/wp-json\/wp\/v2\/comments?post=748991"}],"version-history":[{"count":0,"href":"https:\/\/dailynewshungary.com\/de\/wp-json\/wp\/v2\/posts\/748991\/revisions"}],"wp:featuredmedia":[{"embeddable":true,"href":"https:\/\/dailynewshungary.com\/de\/wp-json\/wp\/v2\/media\/748992"}],"wp:attachment":[{"href":"https:\/\/dailynewshungary.com\/de\/wp-json\/wp\/v2\/media?parent=748991"}],"wp:term":[{"taxonomy":"category","embeddable":true,"href":"https:\/\/dailynewshungary.com\/de\/wp-json\/wp\/v2\/categories?post=748991"},{"taxonomy":"post_tag","embeddable":true,"href":"https:\/\/dailynewshungary.com\/de\/wp-json\/wp\/v2\/tags?post=748991"}],"curies":[{"name":"wp","href":"https:\/\/api.w.org\/{rel}","templated":true}]}}