{"id":749081,"date":"2017-05-03T20:30:13","date_gmt":"2017-05-03T18:30:13","guid":{"rendered":"https:\/\/dailynewshungary.com\/de\/jobbik-lehnt-die-einreise-von-migranten-im-alter-von-14-18-jahren-nach-ungarn-ab\/"},"modified":"2017-05-03T20:30:13","modified_gmt":"2017-05-03T18:30:13","slug":"jobbik-lehnt-die-einreise-von-migranten-im-alter-von-14-18-jahren-nach-ungarn-ab","status":"publish","type":"post","link":"https:\/\/dailynewshungary.com\/de\/jobbik-lehnt-die-einreise-von-migranten-im-alter-von-14-18-jahren-nach-ungarn-ab\/","title":{"rendered":"Jobbik lehnt die Einreise von Migranten im Alter von 14-18 Jahren nach Ungarn ab"},"content":{"rendered":"<p><strong>Budapest, 3. Mai (MTI) \u2013 Der Vorsitzende von Jobbik sagte am Mittwoch, dass die Einreise von Migranten im Alter zwischen 14-18 Jahren nach Ungarn ein \u201egro\u00dfer Fehler\u201csein w\u00fcrde und die Partei sich gegen alle damit verbundenen \u00c4nderungen des Kinderschutzgesetzes ausspricht.<\/strong><\/p>\n<p>Vona wies auf einer Pressekonferenz darauf hin, dass Jobbik am 7. M\u00e4rz ein Gesetz zur Versch\u00e4rfung der Asylbestimmungen unterst\u00fctzt habe, das Migranten-14-18-J\u00e4hrige vom Kinderschutzgesetz ausschlie\u00dft und sie gleichzeitig dazu verpflichtet, in Transitzonen zu bleiben, bis \u00fcber ihre Asylantr\u00e4ge entschieden wird.<\/p>\n<p>Vona wies eine aktuelle Regierungserkl\u00e4rung zur Lockerung der Regeln zur\u00fcck und bestand darauf, dass dies zu Rechtsmissbrauch f\u00fchren und das Sicherheitsrisiko erh\u00f6hen w\u00fcrde.<\/p>\n<p style=\"text-align: center;\">&nbsp;<iframe loading=\"lazy\" style=\"border: none; overflow: hidden;\" src=\"https:\/\/www.facebook.com\/plugins\/post.php?href=https%3A%2F%2Fwww.facebook.com%2Fdailynewshungary%2Fposts%2F1314042881964613&amp;width=500\" width=\"500\" height=\"480\" frameborder=\"0\" scrolling=\"no\"><\/iframe><\/p>\n<p><em>Foto: MTI<\/em><\/p>\n","protected":false},"excerpt":{"rendered":"<p>Budapest, 3. Mai (MTI) \u2013 Der Vorsitzende von Jobbik sagte am Mittwoch, dass die Einreise von Migranten im Alter zwischen 14-18 Jahren nach Ungarn ein \u201egro\u00dfer Fehler\u201csein w\u00fcrde und die Partei sich gegen alle damit verbundenen \u00c4nderungen des Kinderschutzgesetzes ausspricht. Vona wies auf einer Pressekonferenz darauf hin, dass Jobbik am 7. M\u00e4rz ein Gesetz zur [&hellip;]<\/p>\n","protected":false},"author":2,"featured_media":749082,"comment_status":"open","ping_status":"open","sticky":false,"template":"","format":"standard","meta":{"_acf_changed":false,"_display_image":"","footnotes":""},"categories":[1081],"tags":[1082,1632,1871,1445],"class_list":["post-749081","post","type-post","status-publish","format-standard","has-post-thumbnail","hentry","category-politik","tag-europaische-union","tag-jobbik","tag-migrantenquoten","tag-migration"],"blocksy_meta":[],"acf":[],"author_username":"alk","telegram_post":"","public_post_metadata":{"breaking_news":"","important":"","csempe":"","center_tile":"","disable_thumbnail":"","target_lang":"","_featured_image_style":"","telegram_post":"","_xlat_group_id":""},"public_rank_math_data":{"title":"%title% %sep% %sitename%","description":"","focus_keyword":"Migration Jobbik","canonical_url":"","robots":"","primary_category":"1081","breadcrumb_title":"","facebook_title":"","facebook_description":"","facebook_image":"","facebook_image_id":"","twitter_title":"","twitter_description":"","twitter_image":"","twitter_image_id":"","twitter_card_type":"","twitter_use_facebook":"","advanced_robots":"","pillar_content":"","seo_score":"6","contentai_score":"","rich_snippet":""},"_links":{"self":[{"href":"https:\/\/dailynewshungary.com\/de\/wp-json\/wp\/v2\/posts\/749081","targetHints":{"allow":["GET"]}}],"collection":[{"href":"https:\/\/dailynewshungary.com\/de\/wp-json\/wp\/v2\/posts"}],"about":[{"href":"https:\/\/dailynewshungary.com\/de\/wp-json\/wp\/v2\/types\/post"}],"author":[{"embeddable":true,"href":"https:\/\/dailynewshungary.com\/de\/wp-json\/wp\/v2\/users\/2"}],"replies":[{"embeddable":true,"href":"https:\/\/dailynewshungary.com\/de\/wp-json\/wp\/v2\/comments?post=749081"}],"version-history":[{"count":0,"href":"https:\/\/dailynewshungary.com\/de\/wp-json\/wp\/v2\/posts\/749081\/revisions"}],"wp:featuredmedia":[{"embeddable":true,"href":"https:\/\/dailynewshungary.com\/de\/wp-json\/wp\/v2\/media\/749082"}],"wp:attachment":[{"href":"https:\/\/dailynewshungary.com\/de\/wp-json\/wp\/v2\/media?parent=749081"}],"wp:term":[{"taxonomy":"category","embeddable":true,"href":"https:\/\/dailynewshungary.com\/de\/wp-json\/wp\/v2\/categories?post=749081"},{"taxonomy":"post_tag","embeddable":true,"href":"https:\/\/dailynewshungary.com\/de\/wp-json\/wp\/v2\/tags?post=749081"}],"curies":[{"name":"wp","href":"https:\/\/api.w.org\/{rel}","templated":true}]}}