{"id":749185,"date":"2017-04-30T13:45:32","date_gmt":"2017-04-30T11:45:32","guid":{"rendered":"https:\/\/dailynewshungary.com\/de\/vona-achtung-leute-orban-lasst-migranten-doch-rein\/"},"modified":"2017-04-30T13:45:32","modified_gmt":"2017-04-30T11:45:32","slug":"vona-achtung-leute-orban-lasst-migranten-doch-rein","status":"publish","type":"post","link":"https:\/\/dailynewshungary.com\/de\/vona-achtung-leute-orban-lasst-migranten-doch-rein\/","title":{"rendered":"Vona: Achtung Leute! Orb\u00e1n l\u00e4sst Migranten doch rein!"},"content":{"rendered":"<p><strong>G\u00e1bor Vona ver\u00f6ffentlichte auf seiner Facebook-Seite eine Reaktion auf die Ank\u00fcndigung von Antal Rog\u00e1n in Br\u00fcssel, dass die Regierung schlie\u00dflich bereit sei, Migranten nach Ungarn kommen zu lassen (und dass auch die Mitteleurop\u00e4ische Universit\u00e4t ihren Betrieb fortsetzen d\u00fcrfe).<\/strong><\/p>\n<p>Auf eine Frage der Medien sagte Antal Rog\u00e1n, die Regierung sei bereit, 14-18-j\u00e4hrige Migranten nach Ungarn kommen zu lassen.<\/p>\n<p>Diese Ank\u00fcndigung machte der Kabinettschef des ungarischen Premierministers nach der Samstagssitzung der Europ\u00e4ischen Volkspartei, an der auch Viktor Orb\u00e1n teilnahm.<\/p>\n<p>Als Reaktion darauf schrieb Jobbiks Pr\u00e4sident G\u00e1bor Vona: Nachdem er die teuerste Referendumskampagne der Welt mit st\u00e4ndiger Anti-Soros- und Anti-Migranten-Propaganda durchgef\u00fchrt hat, wird dies nun endlich enth\u00fcllt<\/p>\n<p>\u201cOrb\u00e1n kann Ungarn nicht sch\u00fctzen! l\u00fcgte Orb\u00e1n die ganze Zeit Orb\u00e1n l\u00e4sst endlich die Migranten herein, und vor allem Jugendliche, die sehr bald erwachsen werden Orb\u00e1n hat seine W\u00e4hler und die gesamte ungarische Gesellschaft f\u00fcr dumm verkauft Er betonte immer, dass es das wichtigste Thema sei und nun hat er sich einfach ergeben, was ihn betrifft, d\u00fcrfen jetzt Migranten kommen Jobbik wird Ungarn besch\u00fctzenKeine Migranten \u201eweder arm noch reich! Ungarn geh\u00f6rt dem ungarischen Volk!\u201cschrieb Jobbiks Pr\u00e4sident auf seiner Facebook-Seite.<\/p>\n<p style=\"text-align: center;\">&nbsp;<iframe loading=\"lazy\" style=\"border: none; overflow: hidden;\" src=\"https:\/\/www.facebook.com\/plugins\/post.php?href=https%3A%2F%2Fwww.facebook.com%2Fdailynewshungary%2Fposts%2F1313439322024969&amp;width=500\" width=\"500\" height=\"501\" frameborder=\"0\" scrolling=\"no\"><\/iframe><\/p>\n<p style=\"text-align: left;\"><em>Foto: MTI<\/em><\/p>\n","protected":false},"excerpt":{"rendered":"<p>G\u00e1bor Vona ver\u00f6ffentlichte auf seiner Facebook-Seite eine Reaktion auf die Ank\u00fcndigung von Antal Rog\u00e1n in Br\u00fcssel, dass die Regierung schlie\u00dflich bereit sei, Migranten nach Ungarn kommen zu lassen (und dass auch die Mitteleurop\u00e4ische Universit\u00e4t ihren Betrieb fortsetzen d\u00fcrfe). Auf eine Frage der Medien sagte Antal Rog\u00e1n, die Regierung sei bereit, 14-18-j\u00e4hrige Migranten nach Ungarn kommen [&hellip;]<\/p>\n","protected":false},"author":2,"featured_media":749186,"comment_status":"open","ping_status":"open","sticky":false,"template":"","format":"standard","meta":{"_acf_changed":false,"_display_image":"","footnotes":""},"categories":[1081],"tags":[1082,1632,1871,1445,1333],"class_list":["post-749185","post","type-post","status-publish","format-standard","has-post-thumbnail","hentry","category-politik","tag-europaische-union","tag-jobbik","tag-migrantenquoten","tag-migration","tag-viktor-oder-ban"],"blocksy_meta":[],"acf":[],"author_username":"alk","telegram_post":"","public_post_metadata":{"breaking_news":"","important":"","csempe":"","center_tile":"","disable_thumbnail":"","target_lang":"","_featured_image_style":"","telegram_post":"","_xlat_group_id":""},"public_rank_math_data":{"title":"%title% %sep% %sitename%","description":"","focus_keyword":"Vona Orb\u00e1n","canonical_url":"","robots":"","primary_category":"1081","breadcrumb_title":"","facebook_title":"","facebook_description":"","facebook_image":"","facebook_image_id":"","twitter_title":"","twitter_description":"","twitter_image":"","twitter_image_id":"","twitter_card_type":"","twitter_use_facebook":"","advanced_robots":"","pillar_content":"","seo_score":"6","contentai_score":"","rich_snippet":""},"_links":{"self":[{"href":"https:\/\/dailynewshungary.com\/de\/wp-json\/wp\/v2\/posts\/749185","targetHints":{"allow":["GET"]}}],"collection":[{"href":"https:\/\/dailynewshungary.com\/de\/wp-json\/wp\/v2\/posts"}],"about":[{"href":"https:\/\/dailynewshungary.com\/de\/wp-json\/wp\/v2\/types\/post"}],"author":[{"embeddable":true,"href":"https:\/\/dailynewshungary.com\/de\/wp-json\/wp\/v2\/users\/2"}],"replies":[{"embeddable":true,"href":"https:\/\/dailynewshungary.com\/de\/wp-json\/wp\/v2\/comments?post=749185"}],"version-history":[{"count":0,"href":"https:\/\/dailynewshungary.com\/de\/wp-json\/wp\/v2\/posts\/749185\/revisions"}],"wp:featuredmedia":[{"embeddable":true,"href":"https:\/\/dailynewshungary.com\/de\/wp-json\/wp\/v2\/media\/749186"}],"wp:attachment":[{"href":"https:\/\/dailynewshungary.com\/de\/wp-json\/wp\/v2\/media?parent=749185"}],"wp:term":[{"taxonomy":"category","embeddable":true,"href":"https:\/\/dailynewshungary.com\/de\/wp-json\/wp\/v2\/categories?post=749185"},{"taxonomy":"post_tag","embeddable":true,"href":"https:\/\/dailynewshungary.com\/de\/wp-json\/wp\/v2\/tags?post=749185"}],"curies":[{"name":"wp","href":"https:\/\/api.w.org\/{rel}","templated":true}]}}