{"id":749201,"date":"2017-04-29T20:45:16","date_gmt":"2017-04-29T18:45:16","guid":{"rendered":"https:\/\/dailynewshungary.com\/de\/jobbik-lohnunion-statt-doppelzungigkeit\/"},"modified":"2017-04-29T20:45:16","modified_gmt":"2017-04-29T18:45:16","slug":"jobbik-lohnunion-statt-doppelzungigkeit","status":"publish","type":"post","link":"https:\/\/dailynewshungary.com\/de\/jobbik-lohnunion-statt-doppelzungigkeit\/","title":{"rendered":"Jobbik: Lohnunion statt Doppelz\u00fcngigkeit"},"content":{"rendered":"<p><strong>Nach Ansicht Jobbiks war die Debatte in Br\u00fcssel ein weiterer klarer Beweis daf\u00fcr, dass die von Orb\u00e1n gef\u00fchrte Fidesz die Interessen des ungarischen Volkes nur in Worten vertritt, die wirklich wichtigen Themen jedoch ignoriert, wenn es um Taten geht.<\/strong><\/p>\n<p>Tibor Bana, der stellvertretende Vorsitzende des Parlamentarischen Ausschusses f\u00fcr europ\u00e4ische Angelegenheiten, sagte, dass Viktor Orb\u00e1n und sein Fidesz erneut die Art von Doppelgespr\u00e4chen gef\u00fchrt h\u00e4tten, die wir in den letzten Jahren von ihnen gesehen h\u00e4tten.<\/p>\n<p>W\u00e4hrend sie ihre \u201chypokritische und betr\u00fcgerische nationale Konsultation\u201d fortsetzen, vers\u00e4umen sie es, in Angelegenheiten, die in Zukunft eine gro\u00dfe Bedeutung haben w\u00fcrden, Stellung zu beziehen, betonte der Abgeordnete Fidesz, die in der Parlamentariergruppe Volkspartei sa\u00dfen, erkl\u00e4rten gestern, dass sie sich in jeder Hinsicht voll und ganz f\u00fcr die EU einsetzen, was uns zu dem Schluss f\u00fchrt, dass die nationale Konsultation nicht ernst genommen werden sollte, bekr\u00e4ftigte Herr Bana.<\/p>\n<p>Anstatt die Interessen der ungarischen B\u00fcrger in solchen Fragen wie einer Lohnunion zu f\u00f6rdern, die die Kluft zwischen ost &#8211; und westeurop\u00e4ischen L\u00f6hnen schrittweise und erheblich verringern k\u00f6nnte, beschloss er, \u00fcber solche Themen zu sprechen, von denen er wusste, dass sein ungarisches Medienimperium sie zu Hause so pr\u00e4sentieren k\u00f6nnte, als ob er sich als Vork\u00e4mpfer f\u00fcr Ungarn und unsere Souver\u00e4nit\u00e4t gesch\u00fctzt h\u00e4tte, Fidesz vertritt leider nur das Interesse des ungarischen Volkes an der Kommunikationssph\u00e4re, aber das Bild ist ganz anders, wenn es um Aktionen geht.<\/p>\n<p>Die k\u00fcnftige Jobbik-Regierung, die n\u00e4chstes Jahr mit Unterst\u00fctzung der ungarischen W\u00e4hler gebildet werden soll, wird echte und wirksame Schritte unternehmen, um die L\u00f6hne an die westeurop\u00e4ische Ebene anzugleichen, und die Partei m\u00f6chte auch den Inhalt des Arbeitsgesetzbuchs \u00e4ndern, weil \u201eDie Ausbeutung ungarischer Arbeitnehmer hat in den letzten Jahren ihren H\u00f6hepunkt erreicht\u201cerkl\u00e4rte Herr Bana\u201d Im Gegensatz zur aktuellen Regierung werde Jobbik wirklich die Interessen der B\u00fcrger vertreten, schloss er.<\/p>\n","protected":false},"excerpt":{"rendered":"<p>Nach Ansicht Jobbiks war die Debatte in Br\u00fcssel ein weiterer klarer Beweis daf\u00fcr, dass die von Orb\u00e1n gef\u00fchrte Fidesz die Interessen des ungarischen Volkes nur in Worten vertritt, die wirklich wichtigen Themen jedoch ignoriert, wenn es um Taten geht. Tibor Bana, der stellvertretende Vorsitzende des Parlamentarischen Ausschusses f\u00fcr europ\u00e4ische Angelegenheiten, sagte, dass Viktor Orb\u00e1n und [&hellip;]<\/p>\n","protected":false},"author":2,"featured_media":749202,"comment_status":"open","ping_status":"open","sticky":false,"template":"","format":"standard","meta":{"_acf_changed":false,"_display_image":"","footnotes":""},"categories":[1081],"tags":[1096,1082,1632,1128],"class_list":["post-749201","post","type-post","status-publish","format-standard","has-post-thumbnail","hentry","category-politik","tag-arbeitsmarkt","tag-europaische-union","tag-jobbik","tag-viktor-orban"],"blocksy_meta":[],"acf":[],"author_username":"alk","telegram_post":"","public_post_metadata":{"breaking_news":"","important":"","csempe":"","center_tile":"","disable_thumbnail":"","target_lang":"","_featured_image_style":"","telegram_post":"","_xlat_group_id":""},"public_rank_math_data":{"title":"%title% %sep% %sitename%","description":"","focus_keyword":"Lohngewerkschaft","canonical_url":"","robots":"","primary_category":"1081","breadcrumb_title":"","facebook_title":"","facebook_description":"","facebook_image":"","facebook_image_id":"","twitter_title":"","twitter_description":"","twitter_image":"","twitter_image_id":"","twitter_card_type":"","twitter_use_facebook":"","advanced_robots":"","pillar_content":"","seo_score":"53","contentai_score":"","rich_snippet":""},"_links":{"self":[{"href":"https:\/\/dailynewshungary.com\/de\/wp-json\/wp\/v2\/posts\/749201","targetHints":{"allow":["GET"]}}],"collection":[{"href":"https:\/\/dailynewshungary.com\/de\/wp-json\/wp\/v2\/posts"}],"about":[{"href":"https:\/\/dailynewshungary.com\/de\/wp-json\/wp\/v2\/types\/post"}],"author":[{"embeddable":true,"href":"https:\/\/dailynewshungary.com\/de\/wp-json\/wp\/v2\/users\/2"}],"replies":[{"embeddable":true,"href":"https:\/\/dailynewshungary.com\/de\/wp-json\/wp\/v2\/comments?post=749201"}],"version-history":[{"count":0,"href":"https:\/\/dailynewshungary.com\/de\/wp-json\/wp\/v2\/posts\/749201\/revisions"}],"wp:featuredmedia":[{"embeddable":true,"href":"https:\/\/dailynewshungary.com\/de\/wp-json\/wp\/v2\/media\/749202"}],"wp:attachment":[{"href":"https:\/\/dailynewshungary.com\/de\/wp-json\/wp\/v2\/media?parent=749201"}],"wp:term":[{"taxonomy":"category","embeddable":true,"href":"https:\/\/dailynewshungary.com\/de\/wp-json\/wp\/v2\/categories?post=749201"},{"taxonomy":"post_tag","embeddable":true,"href":"https:\/\/dailynewshungary.com\/de\/wp-json\/wp\/v2\/tags?post=749201"}],"curies":[{"name":"wp","href":"https:\/\/api.w.org\/{rel}","templated":true}]}}