{"id":749380,"date":"2017-04-24T10:24:31","date_gmt":"2017-04-24T08:24:31","guid":{"rendered":"https:\/\/dailynewshungary.com\/de\/ombudsmann-kritisiert-niedrige-lohne-von-gefangnisinsassen-in-ungarn\/"},"modified":"2017-04-24T10:24:31","modified_gmt":"2017-04-24T08:24:31","slug":"ombudsmann-kritisiert-niedrige-lohne-von-gefangnisinsassen-in-ungarn","status":"publish","type":"post","link":"https:\/\/dailynewshungary.com\/de\/ombudsmann-kritisiert-niedrige-lohne-von-gefangnisinsassen-in-ungarn\/","title":{"rendered":"Ombudsmann kritisiert niedrige L\u00f6hne von Gef\u00e4ngnisinsassen in Ungarn"},"content":{"rendered":"<p><strong>Budapest, 24. April (MTI) \u2013 Nach Abzug der Unterbringungs- und sonstigen Kosten bleibt praktisch kein Geld mehr bei den Insassen, was zu Spannungen im Gef\u00e4ngnisleben f\u00fchrt, zitiert die Montagsausgabe von Magyar Nemzet einen aktuellen Bericht des Ombudsmanns.<\/strong><\/p>\n<p>Als L\u00e1szl\u00f3 Szekely im Rahmen einer Reihe von \u00dcberpr\u00fcfungen im Rahmen des Fakultativprotokolls der Vereinten Nationen zum \u00dcberpr\u00fcfungssystem des \u00dcbereinkommens gegen Folter (OPCAT) das Internierungslager S\u00e1toralja\u00fajhely in Nordungarn besuchte, kam er zu dem Schluss, dass Gef\u00e4ngnisinsassen in Ungarn oft erb\u00e4rmlich niedrige Geldbetr\u00e4ge haben, was dazu f\u00fchrt zu massivem Arbeitsr\u00fcckzug.<\/p>\n<p>Gef\u00e4ngnisarbeit sei nicht Teil des Sozialversicherungsbeitragssystems, das das Grundrecht der Arbeitnehmer auf soziale Sicherheit verletze, schloss der OmbudsmannDas System lasse auch Langzeitinsassen ohne Rente und in einer aussichtslosen Situation zur\u00fcck, f\u00fcgte er hinzuDer Ombudsmann hat den Minister f\u00fcr Humanressourcen und den Innenminister aufgefordert, das Rentengesetz zu \u00fcberpr\u00fcfen und seine \u00c4nderung zu pr\u00fcfen.<\/p>\n<p>Auf die Ausf\u00fchrungen des Ombudsmanns reagierend, erkl\u00e4rte das Innenministerium, dass die Mehrkosten der Gef\u00e4ngnisarbeit das Gef\u00e4ngnissystem bereits belastenDie Einnahmen aus der Arbeit der Insassen reichen bei weitem nicht aus, um die Ausgaben zu decken, teilte das Ministerium mit.<\/p>\n<p>Das Gef\u00e4ngnis von S\u00e1toralja\u00fajhely ist zu 162 Prozent seiner Kapazit\u00e4t \u00fcberf\u00fcllt: Urspr\u00fcnglich f\u00fcr die Unterbringung von 263 Insassen errichtet, sind es heute 421.<\/p>\n","protected":false},"excerpt":{"rendered":"<p>Budapest, 24. April (MTI) \u2013 Nach Abzug der Unterbringungs- und sonstigen Kosten bleibt praktisch kein Geld mehr bei den Insassen, was zu Spannungen im Gef\u00e4ngnisleben f\u00fchrt, zitiert die Montagsausgabe von Magyar Nemzet einen aktuellen Bericht des Ombudsmanns. Als L\u00e1szl\u00f3 Szekely im Rahmen einer Reihe von \u00dcberpr\u00fcfungen im Rahmen des Fakultativprotokolls der Vereinten Nationen zum \u00dcberpr\u00fcfungssystem [&hellip;]<\/p>\n","protected":false},"author":2,"featured_media":749381,"comment_status":"open","ping_status":"open","sticky":false,"template":"","format":"standard","meta":{"_acf_changed":false,"_display_image":"","footnotes":""},"categories":[1281],"tags":[1096,2332,1267,1104],"class_list":["post-749380","post","type-post","status-publish","format-standard","has-post-thumbnail","hentry","category-geschaft","tag-arbeitsmarkt","tag-ombudsmann","tag-rechte","tag-wirtschaft"],"blocksy_meta":[],"acf":[],"author_username":"alk","telegram_post":"","public_post_metadata":{"breaking_news":"","important":"","csempe":"","center_tile":"","disable_thumbnail":"","target_lang":"","_featured_image_style":"","telegram_post":"","_xlat_group_id":""},"public_rank_math_data":{"title":"%title% %sep% %sitename%","description":"","focus_keyword":"Gef\u00e4ngnis Ungarn","canonical_url":"","robots":"","primary_category":"1281","breadcrumb_title":"","facebook_title":"","facebook_description":"","facebook_image":"","facebook_image_id":"","twitter_title":"","twitter_description":"","twitter_image":"","twitter_image_id":"","twitter_card_type":"","twitter_use_facebook":"","advanced_robots":"","pillar_content":"","seo_score":"3","contentai_score":"","rich_snippet":""},"_links":{"self":[{"href":"https:\/\/dailynewshungary.com\/de\/wp-json\/wp\/v2\/posts\/749380","targetHints":{"allow":["GET"]}}],"collection":[{"href":"https:\/\/dailynewshungary.com\/de\/wp-json\/wp\/v2\/posts"}],"about":[{"href":"https:\/\/dailynewshungary.com\/de\/wp-json\/wp\/v2\/types\/post"}],"author":[{"embeddable":true,"href":"https:\/\/dailynewshungary.com\/de\/wp-json\/wp\/v2\/users\/2"}],"replies":[{"embeddable":true,"href":"https:\/\/dailynewshungary.com\/de\/wp-json\/wp\/v2\/comments?post=749380"}],"version-history":[{"count":0,"href":"https:\/\/dailynewshungary.com\/de\/wp-json\/wp\/v2\/posts\/749380\/revisions"}],"wp:featuredmedia":[{"embeddable":true,"href":"https:\/\/dailynewshungary.com\/de\/wp-json\/wp\/v2\/media\/749381"}],"wp:attachment":[{"href":"https:\/\/dailynewshungary.com\/de\/wp-json\/wp\/v2\/media?parent=749380"}],"wp:term":[{"taxonomy":"category","embeddable":true,"href":"https:\/\/dailynewshungary.com\/de\/wp-json\/wp\/v2\/categories?post=749380"},{"taxonomy":"post_tag","embeddable":true,"href":"https:\/\/dailynewshungary.com\/de\/wp-json\/wp\/v2\/tags?post=749380"}],"curies":[{"name":"wp","href":"https:\/\/api.w.org\/{rel}","templated":true}]}}