{"id":749382,"date":"2017-04-24T09:30:36","date_gmt":"2017-04-24T07:30:36","guid":{"rendered":"https:\/\/dailynewshungary.com\/de\/fidesz-soros-setzt-sich-in-brussel-dafur-ein-dass-die-eu-ungarn-wegen-migration-unter-druck-setzt\/"},"modified":"2017-04-24T09:30:36","modified_gmt":"2017-04-24T07:30:36","slug":"fidesz-soros-setzt-sich-in-brussel-dafur-ein-dass-die-eu-ungarn-wegen-migration-unter-druck-setzt","status":"publish","type":"post","link":"https:\/\/dailynewshungary.com\/de\/fidesz-soros-setzt-sich-in-brussel-dafur-ein-dass-die-eu-ungarn-wegen-migration-unter-druck-setzt\/","title":{"rendered":"Fidesz: Soros setzt sich in Br\u00fcssel daf\u00fcr ein, dass die EU Ungarn wegen Migration unter Druck setzt"},"content":{"rendered":"<p><strong>Budapest (MTI) \u201e(Die regierende Fidesz-Partei hat erkl\u00e4rt, dass der US-Finanzier George Soros \u201eLobby f\u00fcr die Europ\u00e4ische Union sein wird\u201cum aufgrund ihrer Migrationspolitik Druck auf Ungarn auszu\u00fcben, wenn er n\u00e4chste Woche zu Gespr\u00e4chen mit dem Pr\u00e4sidenten der Europ\u00e4ischen Kommission, Jean, nach Br\u00fcssel reist -Claude Juncker.<\/strong><\/p>\n<p>Am Freitag k\u00fcndigte ein EG-Sprecher an, dass Soros sich am Donnerstag mit Juncker in Br\u00fcssel zu Gespr\u00e4chen \u00fcber Ungarns j\u00fcngste Gesetzgebung zur Versch\u00e4rfung der Regeln f\u00fcr ausl\u00e4ndische Hochschuleinrichtungen im Land treffen werde.<\/p>\n<p>Es sei \u201coffensichtlich\u201d, dass Soros \u201cgegen den Willen und die Interessen des ungarischen Volkes Lobbyarbeit betreiben wird\u201d, sagte der stellvertretende Fidesz-Fraktionsvorsitzende Szil\u00e1rd N\u00e9meth am Sonntag dem \u00f6ffentlichen Nachrichtensender M1.<\/p>\n<p>Er sagte, Soros wolle wahrscheinlich diskutieren, \u201cwie Ungarn aus dem Weg ger\u00e4umt werden kann\u201d, damit \u201cdie Grenzen f\u00fcr illegale Migranten ge\u00f6ffnet werden k\u00f6nnen\u201d und wie Ungarns Asylregeln und Grenzzaun \u201cabgerissen\u201d werden k\u00f6nnen.<\/p>\n<p>N\u00e9meth sagte, Soros sei auch nach Br\u00fcssel gereist, um Politiker der Europ\u00e4ischen Volkspartei davon zu \u00fcberzeugen, Fidesz aus der Gruppe auszuschlie\u00dfen. Fidesz erwarte jedoch, dass die EVP dem \u201eDruck von Soros\u201cund der \u201esch\u00e4ndlichen und betr\u00fcgerischen Desinformationskampagne gegen Ungarn\u201d widerstehen werde, f\u00fcgte N\u00e9meth hinzu.<\/p>\n<blockquote class=\"wp-embedded-content\" data-secret=\"EuqKYbOmdF\">\n<p><a href=\"https:\/\/dailynewshungary.com\/de\/eg-prasident-juncker-trifft-soros-um-das-hochschulgesetz-zu-besprechen\/\">EG-Pr\u00e4sident Juncker trifft Soros, um das Hochschulgesetz zu besprechen<\/a><\/p>\n<\/blockquote>\n<p><iframe loading=\"lazy\" class=\"wp-embedded-content\" sandbox=\"allow-scripts\" security=\"restricted\" style=\"position: absolute; visibility: hidden;\" title=\"\u201cEC president Juncker meets Soros to discuss higher education act\u201d \u2014 DailyNewsHungary\" src=\"https:\/\/dailynewshungary.com\/de\/eg-prasident-juncker-trifft-soros-um-das-hochschulgesetz-zu-besprechen\/embed\/#?secret=c0gVkq85lS#?secret=EuqKYbOmdF\" data-secret=\"EuqKYbOmdF\" width=\"600\" height=\"338\" frameborder=\"0\" marginwidth=\"0\" marginheight=\"0\" scrolling=\"no\"><\/iframe><\/p>\n","protected":false},"excerpt":{"rendered":"<p>Budapest (MTI) \u201e(Die regierende Fidesz-Partei hat erkl\u00e4rt, dass der US-Finanzier George Soros \u201eLobby f\u00fcr die Europ\u00e4ische Union sein wird\u201cum aufgrund ihrer Migrationspolitik Druck auf Ungarn auszu\u00fcben, wenn er n\u00e4chste Woche zu Gespr\u00e4chen mit dem Pr\u00e4sidenten der Europ\u00e4ischen Kommission, Jean, nach Br\u00fcssel reist -Claude Juncker. Am Freitag k\u00fcndigte ein EG-Sprecher an, dass Soros sich am Donnerstag [&hellip;]<\/p>\n","protected":false},"author":2,"featured_media":749383,"comment_status":"open","ping_status":"open","sticky":false,"template":"","format":"standard","meta":{"_acf_changed":false,"_display_image":"","footnotes":""},"categories":[1081],"tags":[1082,1445,1157],"class_list":["post-749382","post","type-post","status-publish","format-standard","has-post-thumbnail","hentry","category-politik","tag-europaische-union","tag-migration","tag-vereinigte-staaten"],"blocksy_meta":[],"acf":[],"author_username":"alk","telegram_post":"","public_post_metadata":{"breaking_news":"","important":"","csempe":"","center_tile":"","disable_thumbnail":"","target_lang":"","_featured_image_style":"","telegram_post":"","_xlat_group_id":""},"public_rank_math_data":{"title":"%title% %sep% %sitename%","description":"","focus_keyword":"Fidesz Soros","canonical_url":"","robots":"","primary_category":"1081","breadcrumb_title":"","facebook_title":"","facebook_description":"","facebook_image":"","facebook_image_id":"","twitter_title":"","twitter_description":"","twitter_image":"","twitter_image_id":"","twitter_card_type":"","twitter_use_facebook":"","advanced_robots":"","pillar_content":"","seo_score":"7","contentai_score":"","rich_snippet":""},"_links":{"self":[{"href":"https:\/\/dailynewshungary.com\/de\/wp-json\/wp\/v2\/posts\/749382","targetHints":{"allow":["GET"]}}],"collection":[{"href":"https:\/\/dailynewshungary.com\/de\/wp-json\/wp\/v2\/posts"}],"about":[{"href":"https:\/\/dailynewshungary.com\/de\/wp-json\/wp\/v2\/types\/post"}],"author":[{"embeddable":true,"href":"https:\/\/dailynewshungary.com\/de\/wp-json\/wp\/v2\/users\/2"}],"replies":[{"embeddable":true,"href":"https:\/\/dailynewshungary.com\/de\/wp-json\/wp\/v2\/comments?post=749382"}],"version-history":[{"count":0,"href":"https:\/\/dailynewshungary.com\/de\/wp-json\/wp\/v2\/posts\/749382\/revisions"}],"wp:featuredmedia":[{"embeddable":true,"href":"https:\/\/dailynewshungary.com\/de\/wp-json\/wp\/v2\/media\/749383"}],"wp:attachment":[{"href":"https:\/\/dailynewshungary.com\/de\/wp-json\/wp\/v2\/media?parent=749382"}],"wp:term":[{"taxonomy":"category","embeddable":true,"href":"https:\/\/dailynewshungary.com\/de\/wp-json\/wp\/v2\/categories?post=749382"},{"taxonomy":"post_tag","embeddable":true,"href":"https:\/\/dailynewshungary.com\/de\/wp-json\/wp\/v2\/tags?post=749382"}],"curies":[{"name":"wp","href":"https:\/\/api.w.org\/{rel}","templated":true}]}}