{"id":749689,"date":"2017-04-12T07:30:32","date_gmt":"2017-04-12T05:30:32","guid":{"rendered":"https:\/\/dailynewshungary.com\/de\/kunstakademien-in-china-und-ungarn-schliesen-abkommen-uber-kulturelle-zusammenarbeit\/"},"modified":"2017-04-12T07:30:32","modified_gmt":"2017-04-12T05:30:32","slug":"kunstakademien-in-china-und-ungarn-schliesen-abkommen-uber-kulturelle-zusammenarbeit","status":"publish","type":"post","link":"https:\/\/dailynewshungary.com\/de\/kunstakademien-in-china-und-ungarn-schliesen-abkommen-uber-kulturelle-zusammenarbeit\/","title":{"rendered":"Kunstakademien in China und Ungarn schlie\u00dfen Abkommen \u00fcber kulturelle Zusammenarbeit"},"content":{"rendered":"<p><strong>Budapest (MTI) \u2013 Die nationalen Kunstakademien Chinas und Ungarns haben am Dienstag in Budapest eine Kooperationsvereinbarung zur gemeinsamen Organisation kultureller Programme wie Ausstellungen, Konzerte und Konferenzen unterzeichnet.<\/strong><\/p>\n<p>Das Dokument wurde vom stellvertretenden Pr\u00e4sidenten der chinesischen Akademie und dem Pr\u00e4sidenten der ungarischen Partnerinstitution im Konzertsaal Pesti Vigad\u00f3 unterzeichnet, wo am Montag eine Ausstellung er\u00f6ffnet wurde.<\/p>\n<p>Die Ausstellung pr\u00e4sentiert die Traditionen chinesischer Malerei, Kalligraphie und Siegelgravur anhand der Werke von neun zeitgen\u00f6ssischen K\u00fcnstlern.<\/p>\n<p>Am Dienstag findet eine Konferenz \u00fcber traditionelle chinesische Kultur- und Kunstkonzepte, Kunstzweige, Bildung und Musik statt.<\/p>\n<p style=\"text-align: center;\">&nbsp;<iframe loading=\"lazy\" style=\"border: 0;\" src=\"https:\/\/www.google.com\/maps\/embed?pb=!1m14!1m8!1m3!1d43131.37939613186!2d19.055989247668474!3d47.495538953355606!3m2!1i1024!2i768!4f13.1!3m3!1m2!1s0x0%3A0xc353a407f61bde5c!2zVmlnYWTDsw!5e0!3m2!1shu!2shu!4v1491916129410\" width=\"600\" height=\"450\" frameborder=\"0\" allowfullscreen=\"allowfullscreen\"><\/iframe><\/p>\n<p><a href=\"https:\/\/contentf5.dailynewshungary.com\/wp-content\/uploads\/2017\/04\/D_MTZ20170410001.jpg\" data-pswp-width=\"2048\" data-pswp-height=\"1391\" data-cropped=\"true\"><\/a> Der stellvertretende Pr\u00e4sident der chinesischen Akademie und Tam\u00e1s Gergely Kucsera, der Pr\u00e4sident des ungarischen Partners, Foto: MTI<\/p>\n<p><em>Foto: MTI<\/em><\/p>\n","protected":false},"excerpt":{"rendered":"<p>Budapest (MTI) \u2013 Die nationalen Kunstakademien Chinas und Ungarns haben am Dienstag in Budapest eine Kooperationsvereinbarung zur gemeinsamen Organisation kultureller Programme wie Ausstellungen, Konzerte und Konferenzen unterzeichnet. Das Dokument wurde vom stellvertretenden Pr\u00e4sidenten der chinesischen Akademie und dem Pr\u00e4sidenten der ungarischen Partnerinstitution im Konzertsaal Pesti Vigad\u00f3 unterzeichnet, wo am Montag eine Ausstellung er\u00f6ffnet wurde. Die [&hellip;]<\/p>\n","protected":false},"author":2,"featured_media":749690,"comment_status":"open","ping_status":"open","sticky":false,"template":"","format":"standard","meta":{"_acf_changed":false,"_display_image":"","footnotes":""},"categories":[1151],"tags":[1094,1232,1111,1162,1314],"class_list":["post-749689","post","type-post","status-publish","format-standard","has-post-thumbnail","hentry","category-kulturen","tag-asien","tag-ausstellung","tag-budapest","tag-china","tag-kunst"],"blocksy_meta":[],"acf":[],"author_username":"alk","telegram_post":"","public_post_metadata":{"breaking_news":"","important":"","csempe":"","center_tile":"","disable_thumbnail":"","target_lang":"","_featured_image_style":"","telegram_post":"","_xlat_group_id":""},"public_rank_math_data":{"title":"%title% %sep% %sitename%","description":"","focus_keyword":"Chinesisches Budapest","canonical_url":"","robots":"","primary_category":"1151","breadcrumb_title":"","facebook_title":"","facebook_description":"","facebook_image":"","facebook_image_id":"","twitter_title":"","twitter_description":"","twitter_image":"","twitter_image_id":"","twitter_card_type":"","twitter_use_facebook":"","advanced_robots":"","pillar_content":"","seo_score":"10","contentai_score":"","rich_snippet":""},"_links":{"self":[{"href":"https:\/\/dailynewshungary.com\/de\/wp-json\/wp\/v2\/posts\/749689","targetHints":{"allow":["GET"]}}],"collection":[{"href":"https:\/\/dailynewshungary.com\/de\/wp-json\/wp\/v2\/posts"}],"about":[{"href":"https:\/\/dailynewshungary.com\/de\/wp-json\/wp\/v2\/types\/post"}],"author":[{"embeddable":true,"href":"https:\/\/dailynewshungary.com\/de\/wp-json\/wp\/v2\/users\/2"}],"replies":[{"embeddable":true,"href":"https:\/\/dailynewshungary.com\/de\/wp-json\/wp\/v2\/comments?post=749689"}],"version-history":[{"count":0,"href":"https:\/\/dailynewshungary.com\/de\/wp-json\/wp\/v2\/posts\/749689\/revisions"}],"wp:featuredmedia":[{"embeddable":true,"href":"https:\/\/dailynewshungary.com\/de\/wp-json\/wp\/v2\/media\/749690"}],"wp:attachment":[{"href":"https:\/\/dailynewshungary.com\/de\/wp-json\/wp\/v2\/media?parent=749689"}],"wp:term":[{"taxonomy":"category","embeddable":true,"href":"https:\/\/dailynewshungary.com\/de\/wp-json\/wp\/v2\/categories?post=749689"},{"taxonomy":"post_tag","embeddable":true,"href":"https:\/\/dailynewshungary.com\/de\/wp-json\/wp\/v2\/tags?post=749689"}],"curies":[{"name":"wp","href":"https:\/\/api.w.org\/{rel}","templated":true}]}}