{"id":749796,"date":"2017-04-08T08:00:00","date_gmt":"2017-04-08T06:00:00","guid":{"rendered":"https:\/\/dailynewshungary.com\/de\/orbans-berater-offentliche-umfrage-erforderlich-weil-brussel-und-budapest-in-bezug-auf-migration-anderer-meinung-sind\/"},"modified":"2017-04-08T08:00:00","modified_gmt":"2017-04-08T06:00:00","slug":"orbans-berater-offentliche-umfrage-erforderlich-weil-brussel-und-budapest-in-bezug-auf-migration-anderer-meinung-sind","status":"publish","type":"post","link":"https:\/\/dailynewshungary.com\/de\/orbans-berater-offentliche-umfrage-erforderlich-weil-brussel-und-budapest-in-bezug-auf-migration-anderer-meinung-sind\/","title":{"rendered":"Orb\u00e1ns Berater: \u00d6ffentliche Umfrage erforderlich, weil Br\u00fcssel und Budapest in Bezug auf Migration anderer Meinung sind"},"content":{"rendered":"<p><strong>Budapest (MTI) (MTI) Der Sicherheitsberater des Premierministers sagte, die bevorstehende nationale Konsultation Ungarns, eine Umfrage unter B\u00fcrgern zu einer Reihe von Themen, einschlie\u00dflich illegaler Massenmigration, sei notwendig, da die \u00d6ffentlichkeit die M\u00f6glichkeit haben werde, ihre Meinung zur Migrationspolitik der Regierung zu \u00e4u\u00dfern und signalisieren seinen Widerstand gegen die Forderungen Br\u00fcssels.<\/strong><\/p>\n<p>Gy\u00f6rgy Bakondi sagte am Freitag auf einer Pressekonferenz, dass das Europ\u00e4ische Parlament am 5. April eine Position zum Thema Asylbewerber und Migranten mit 90 Punkten gebilligt habe, darunter den Grundsatz der Solidarit\u00e4t, der Bereitstellung einer gemeinsamen Antwort und der Integration von Migranten, ihrer Bildung und der Schaffung von Arbeitspl\u00e4tzen Dar\u00fcber hinaus werden die Gesellschaften aufgefordert, unter anderem Flexibilit\u00e4t und Akzeptanz gegen\u00fcber Migranten zu zeigen.<\/p>\n<p>Er sagte, dass nichts mit der Politik der ungarischen Regierung vereinbar sei, und deshalb sei die nationale Konsultation besonders relevant.<\/p>\n<p>Bakondi sagte, es gebe sechs M\u00f6glichkeiten, wie die mit der Migration verbundenen Bedrohungen in Zukunft zunehmen w\u00fcrden. Er sagte, die versiegelte Grenze werde st\u00e4ndig angegriffen, der Zustrom von Migranten werde zunehmen, interne EU-Grenzkontrollen w\u00fcrden dem Schengen-Abkommen dauerhaft schaden und infolge des Quotensystems der Europ\u00e4ischen Union w\u00fcrden 40.000 Fl\u00fcchtlinge \u201eim Rahmen des Migrationsgesch\u00e4fts der Rechtsstreitigkeiten\u201cnach Ungarn zur\u00fcckgeschickt\u201d.<\/p>\n<figure id=\"attachment_112573\" aria-describedby=\"caption-attachment-112573\" style=\"width: 1024px\" class=\"wp-caption aligncenter\"><a href=\"https:\/\/contentf5.dailynewshungary.com\/wp-content\/uploads\/2017\/04\/D_NOE20170404010.jpg\" data-pswp-width=\"4826\" data-pswp-height=\"3280\" data-cropped=\"true\"><img loading=\"lazy\" decoding=\"async\" class=\"size-large wp-image-112573\" src=\"https:\/\/dailynewshungary.com\/wp-content\/uploads\/2017\/04\/D_NOE20170404010-1024x696.jpg\" alt=\"D NOE X\" width=\"1024\" height=\"696\" srcset=\"https:\/\/contentf5.dailynewshungary.com\/wp-content\/uploads\/2017\/04\/D_NOE20170404010-1024x696.jpg 1024w, https:\/\/contentf5.dailynewshungary.com\/wp-content\/uploads\/2017\/04\/D_NOE20170404010-300x204.jpg 300w, https:\/\/contentf5.dailynewshungary.com\/wp-content\/uploads\/2017\/04\/D_NOE20170404010-768x522.jpg 768w, https:\/\/contentf5.dailynewshungary.com\/wp-content\/uploads\/2017\/04\/D_NOE20170404010-220x150.jpg 220w, https:\/\/contentf5.dailynewshungary.com\/wp-content\/uploads\/2017\/04\/D_NOE20170404010-1080x734.jpg 1080w\" sizes=\"auto, (max-width: 1024px) 100vw, 1024px\"><\/a><figcaption id=\"caption-attachment-112573\" class=\"wp-caption-text\">Foto: MTI<\/figcaption><\/figure>\n<p>Der Sicherheitsberater sagte, bisher seien 371 Menschen illegal \u00fcber die Grenze gegangen, im Vorjahreszeitraum waren es 18.000. Davon seien 250 im Inland festgenommen worden. Seit dem Inkrafttreten der strengeren neuen Gesetze Ungarns am 28. M\u00e4rz habe es 83 Versuche gegeben, die S\u00fcdgrenze des Landes zu \u00fcberschreiten, sagte er. Davon seien 29 direkt vereitelt worden und 54 Menschen seien gefasst und auf die andere Seite der Grenze zur\u00fcckgebracht worden, f\u00fcgte er hinzu.<\/p>\n<p>Die Transitzonen in R\u00f6szke und Tompa beherbergen mittlerweile 99 Menschen, w\u00e4hrend im Waisenhaus in F\u00f3t 21 unbegleitete Minderj\u00e4hrige leben, sagte er.<\/p>\n<p>Bakondi sagte, es seien mehrere Einw\u00e4nde erhoben worden, dass die Fl\u00fcchtlingsbeh\u00f6rde Asylantr\u00e4ge nicht gepr\u00fcft habe. Allerdings spiegelte dies nicht die Realit\u00e4t wider: In jedem Fall seien Antr\u00e4ge in einzelnen Transitzonen gepr\u00fcft worden, um sicherzustellen, dass die Der Antragsteller ist bei seiner Ausreise oder in Transitl\u00e4ndern keiner Verfolgung ausgesetzt.<\/p>\n","protected":false},"excerpt":{"rendered":"<p>Budapest (MTI) (MTI) Der Sicherheitsberater des Premierministers sagte, die bevorstehende nationale Konsultation Ungarns, eine Umfrage unter B\u00fcrgern zu einer Reihe von Themen, einschlie\u00dflich illegaler Massenmigration, sei notwendig, da die \u00d6ffentlichkeit die M\u00f6glichkeit haben werde, ihre Meinung zur Migrationspolitik der Regierung zu \u00e4u\u00dfern und signalisieren seinen Widerstand gegen die Forderungen Br\u00fcssels. Gy\u00f6rgy Bakondi sagte am Freitag [&hellip;]<\/p>\n","protected":false},"author":2,"featured_media":749797,"comment_status":"open","ping_status":"open","sticky":false,"template":"","format":"standard","meta":{"_acf_changed":false,"_display_image":"","footnotes":""},"categories":[1081],"tags":[1082,1445,1299],"class_list":["post-749796","post","type-post","status-publish","format-standard","has-post-thumbnail","hentry","category-politik","tag-europaische-union","tag-migration","tag-schengen"],"blocksy_meta":[],"acf":[],"author_username":"alk","telegram_post":"","public_post_metadata":{"breaking_news":"","important":"","csempe":"","center_tile":"","disable_thumbnail":"","target_lang":"","_featured_image_style":"","telegram_post":"","_xlat_group_id":""},"public_rank_math_data":{"title":"%title% %sep% %sitename%","description":"","focus_keyword":"Br\u00fcssel","canonical_url":"","robots":"","primary_category":"1081","breadcrumb_title":"","facebook_title":"","facebook_description":"","facebook_image":"","facebook_image_id":"","twitter_title":"","twitter_description":"","twitter_image":"","twitter_image_id":"","twitter_card_type":"","twitter_use_facebook":"","advanced_robots":"","pillar_content":"","seo_score":"","contentai_score":"","rich_snippet":""},"_links":{"self":[{"href":"https:\/\/dailynewshungary.com\/de\/wp-json\/wp\/v2\/posts\/749796","targetHints":{"allow":["GET"]}}],"collection":[{"href":"https:\/\/dailynewshungary.com\/de\/wp-json\/wp\/v2\/posts"}],"about":[{"href":"https:\/\/dailynewshungary.com\/de\/wp-json\/wp\/v2\/types\/post"}],"author":[{"embeddable":true,"href":"https:\/\/dailynewshungary.com\/de\/wp-json\/wp\/v2\/users\/2"}],"replies":[{"embeddable":true,"href":"https:\/\/dailynewshungary.com\/de\/wp-json\/wp\/v2\/comments?post=749796"}],"version-history":[{"count":0,"href":"https:\/\/dailynewshungary.com\/de\/wp-json\/wp\/v2\/posts\/749796\/revisions"}],"wp:featuredmedia":[{"embeddable":true,"href":"https:\/\/dailynewshungary.com\/de\/wp-json\/wp\/v2\/media\/749797"}],"wp:attachment":[{"href":"https:\/\/dailynewshungary.com\/de\/wp-json\/wp\/v2\/media?parent=749796"}],"wp:term":[{"taxonomy":"category","embeddable":true,"href":"https:\/\/dailynewshungary.com\/de\/wp-json\/wp\/v2\/categories?post=749796"},{"taxonomy":"post_tag","embeddable":true,"href":"https:\/\/dailynewshungary.com\/de\/wp-json\/wp\/v2\/tags?post=749796"}],"curies":[{"name":"wp","href":"https:\/\/api.w.org\/{rel}","templated":true}]}}