{"id":749895,"date":"2017-04-04T22:30:43","date_gmt":"2017-04-04T20:30:43","guid":{"rendered":"https:\/\/dailynewshungary.com\/de\/brussel-will-ungarn-wegen-der-migrantenfrage-bestrafen-sagt-regierungsvertreter\/"},"modified":"2017-04-04T22:30:43","modified_gmt":"2017-04-04T20:30:43","slug":"brussel-will-ungarn-wegen-der-migrantenfrage-bestrafen-sagt-regierungsvertreter","status":"publish","type":"post","link":"https:\/\/dailynewshungary.com\/de\/brussel-will-ungarn-wegen-der-migrantenfrage-bestrafen-sagt-regierungsvertreter\/","title":{"rendered":"Br\u00fcssel will Ungarn wegen der Migrantenfrage bestrafen, sagt Regierungsvertreter"},"content":{"rendered":"<p><strong>Budapest, 4. April (MTI) \u2013 Br\u00fcsseler Staats- und Regierungschefs behandeln Ungarn wie einen \u201cRebellen\u201d und wollen das Land f\u00fcr seine Weigerung, Migranten aufzunehmen, bestrafen, sagte Staatssekret\u00e4r im Justizministerium, P\u00e1l V\u00f6lner, am Dienstag.<\/strong><\/p>\n<p>V\u00f6lner reagierte auf einen Artikel, der in der Dienstagausgabe der britischen konservativen Tageszeitung The Times ver\u00f6ffentlicht wurde und in dem es hie\u00df, Deutschland, Frankreich und bis zu 21 weitere L\u00e4nder bereiteten sich darauf vor, Ungarn und Polen in diesem Jahr ein Ultimatum zu stellen, in dem sie forderten, entweder ihre Umverteilungsquote von Migranten zu akzeptieren oder die Europ\u00e4ische Union verlassen.<\/p>\n<p>V\u00f6lner merkte an, dass sich Ungarn im Dezember 2015 wegen der obligatorischen Migrantenquotenregelung der EU an den Europ\u00e4ischen Gerichtshof gewandt habe, die nur wenige Monate zuvor trotz Protests Ungarns von einer einfachen Mehrheit der EU-Innenminister gebilligt worden warDie Slowakei habe den Quotenplan auch mit einer \u00e4hnlichen Petition wie Ungarn angefochten und bald sei Polen hinzugekommen, sagte V\u00f6lner gegen\u00fcber MTI.<\/p>\n<p>Die Times zitierte eine hochrangige diplomatische Quelle aus einem der EU-Gr\u00fcndungsmitgliedstaaten mit den Worten, dass \u201cwir zuversichtlich sind, dass der EuGH die Validierung des Quotensystems best\u00e4tigen wird\u201d, wonach Ungarn und Polen sich an die Entscheidung des Gerichts halten m\u00fcssten oder mit \u201csowohl finanziellen als auch politischen\u201d Konsequenzen rechnen m\u00fcssten.<\/p>\n<p>V\u00f6lner sagte, solche \u00c4u\u00dferungen verstie\u00dfen \u201cschwerwiegend gegen\u201d die Unabh\u00e4ngigkeit des EuGH und f\u00fcgte hinzu, sie gaben Anlass zu dem Verdacht, dass das Gericht \u201cin das Migrantengesch\u00e4ft hineingezogen\u201d werde. Er sagte, es sei klar, dass Ungarn und Polen politisch unter Druck gesetzt w\u00fcrden, und argumentierte, dass die Petition an den EuGH von Ungarn und der Slowakei eingereicht worden sei, doch das gemeldete Ultimatum der EU ziele auf Polen, nicht aber auf die Slowakei ab. Er wies darauf hin, dass \u00d6sterreich, das den Quotenplan urspr\u00fcnglich unterst\u00fctzt hatte, sp\u00e4ter jedoch sagte, es werde keine weiteren Migranten aufnehmen, auch nicht im Zusammenhang mit dem Ultimatum erw\u00e4hnt worden sei.<\/p>\n<p>Der EuGH werde am 10. Mai eine Anh\u00f6rung zur Petition Ungarns und der Slowakei abhalten, stellte der Staatssekret\u00e4r fest.<\/p>\n<p>Die linke Opposition Demokratische Koalition (DK) kommentierte den Artikel, Ungarn stehe \u201cam Rande einer nationalen Trag\u00f6die\u201d, wenn die Aussagen des Artikels stimmen \u201cSeit wann die Anti-EU-Propaganda der Regierung \u00fcberall verputzt ist, kann es sehr wohl sein, dass unser Schicksal allein in den H\u00e4nden Moskaus liegt\u201d, sagte der DK-Europaabgeordnete Csaba Moln\u00e1r mit Blick auf Plakate, die die nationale Konsultation der Regierung f\u00f6rdern \u201cWenn Ungarn aus der EU ausgeschlossen wird, werden wir unsere historische Chance, die L\u00fccke zu Europa zu schlie\u00dfen, f\u00fcr immer verlieren\u201d Moln\u00e1r sagte \u201cWenn das vor\u00fcbergeht, werden wir schwer dazu gedr\u00e4ngt, ein Ma\u00df an Verrat gegen den ungarischen Or\u00e1naze in unserer Geschichte zu finden, der dem er Viktor gleichgestellt hat.<\/p>\n<p><em>Foto: MTI<\/em><\/p>\n","protected":false},"excerpt":{"rendered":"<p>Budapest, 4. April (MTI) \u2013 Br\u00fcsseler Staats- und Regierungschefs behandeln Ungarn wie einen \u201cRebellen\u201d und wollen das Land f\u00fcr seine Weigerung, Migranten aufzunehmen, bestrafen, sagte Staatssekret\u00e4r im Justizministerium, P\u00e1l V\u00f6lner, am Dienstag. V\u00f6lner reagierte auf einen Artikel, der in der Dienstagausgabe der britischen konservativen Tageszeitung The Times ver\u00f6ffentlicht wurde und in dem es hie\u00df, Deutschland, [&hellip;]<\/p>\n","protected":false},"author":2,"featured_media":749896,"comment_status":"open","ping_status":"open","sticky":false,"template":"","format":"standard","meta":{"_acf_changed":false,"_display_image":"","footnotes":""},"categories":[1081],"tags":[1082,1445,1267,1299],"class_list":["post-749895","post","type-post","status-publish","format-standard","has-post-thumbnail","hentry","category-politik","tag-europaische-union","tag-migration","tag-rechte","tag-schengen"],"blocksy_meta":[],"acf":[],"author_username":"alk","telegram_post":"","public_post_metadata":{"breaking_news":"","important":"","csempe":"","center_tile":"","disable_thumbnail":"","target_lang":"","_featured_image_style":"","telegram_post":"","_xlat_group_id":""},"public_rank_math_data":{"title":"%title% %sep% %sitename%","description":"","focus_keyword":"Migration","canonical_url":"","robots":"","primary_category":"1081","breadcrumb_title":"","facebook_title":"","facebook_description":"","facebook_image":"","facebook_image_id":"","twitter_title":"","twitter_description":"","twitter_image":"","twitter_image_id":"","twitter_card_type":"","twitter_use_facebook":"","advanced_robots":"","pillar_content":"","seo_score":"3","contentai_score":"","rich_snippet":""},"_links":{"self":[{"href":"https:\/\/dailynewshungary.com\/de\/wp-json\/wp\/v2\/posts\/749895","targetHints":{"allow":["GET"]}}],"collection":[{"href":"https:\/\/dailynewshungary.com\/de\/wp-json\/wp\/v2\/posts"}],"about":[{"href":"https:\/\/dailynewshungary.com\/de\/wp-json\/wp\/v2\/types\/post"}],"author":[{"embeddable":true,"href":"https:\/\/dailynewshungary.com\/de\/wp-json\/wp\/v2\/users\/2"}],"replies":[{"embeddable":true,"href":"https:\/\/dailynewshungary.com\/de\/wp-json\/wp\/v2\/comments?post=749895"}],"version-history":[{"count":0,"href":"https:\/\/dailynewshungary.com\/de\/wp-json\/wp\/v2\/posts\/749895\/revisions"}],"wp:featuredmedia":[{"embeddable":true,"href":"https:\/\/dailynewshungary.com\/de\/wp-json\/wp\/v2\/media\/749896"}],"wp:attachment":[{"href":"https:\/\/dailynewshungary.com\/de\/wp-json\/wp\/v2\/media?parent=749895"}],"wp:term":[{"taxonomy":"category","embeddable":true,"href":"https:\/\/dailynewshungary.com\/de\/wp-json\/wp\/v2\/categories?post=749895"},{"taxonomy":"post_tag","embeddable":true,"href":"https:\/\/dailynewshungary.com\/de\/wp-json\/wp\/v2\/tags?post=749895"}],"curies":[{"name":"wp","href":"https:\/\/api.w.org\/{rel}","templated":true}]}}