{"id":749935,"date":"2017-04-03T19:00:35","date_gmt":"2017-04-03T17:00:35","guid":{"rendered":"https:\/\/dailynewshungary.com\/de\/regierung-erste-erfahrungen-mit-einer-verstarkten-rechtlichen-grenzschliesung-sind-positiv\/"},"modified":"2017-04-03T19:00:35","modified_gmt":"2017-04-03T17:00:35","slug":"regierung-erste-erfahrungen-mit-einer-verstarkten-rechtlichen-grenzschliesung-sind-positiv","status":"publish","type":"post","link":"https:\/\/dailynewshungary.com\/de\/regierung-erste-erfahrungen-mit-einer-verstarkten-rechtlichen-grenzschliesung-sind-positiv\/","title":{"rendered":"Regierung: Erste Erfahrungen mit einer verst\u00e4rkten rechtlichen Grenzschlie\u00dfung sind positiv"},"content":{"rendered":"<p><strong>Die am Dienstag in Kraft getretene gesetzliche Grenzschlie\u00dfung funktioniere gut und problemlos, die ersten Erfahrungen seien positiv und Migranten seien von der serbischen Seite der Grenze verschwunden, sagte der Staatsminister des Innenministeriums der ungarischen Nachrichtenagentur MTI.<\/strong><\/p>\n<p>K\u00e1roly Kontr\u00e1t sagte, dass die j\u00fcngste Ma\u00dfnahme auch eine \u201everschiebende Wirkung\u201chabe: \u201eWeniger illegale Migranten versuchen, nach Ungarn einzureisen, da sich unter ihnen schnell die Nachricht verbreitet, dass sie einen anderen Weg als \u00fcber Ungarn ausprobieren sollten\u201d.<\/p>\n<p>Zu den positiven Erfahrungen mit der verst\u00e4rkten rechtlichen Grenzschlie\u00dfung trage auch bei, dass Schulungen f\u00fcr Beh\u00f6rdenangeh\u00f6rige, darunter auch f\u00fcr Mitarbeiter des Einwanderungs- und Asylamtes, organisiert wurden, betonte der Staatsminister.<\/p>\n<p>Er sagte: Laut Freitagsdaten befinden sich 28 Personen in der Transitzone von R\u00f6szke und 18 in der Transitzone von Tompa. Seit Dienstag wurden in R\u00f6szke sechzehn neue Asylantr\u00e4ge gestellt, in Tompa 15. In einer Aufschl\u00fcsselung nach Nationalit\u00e4ten seien es 15 Afghanen, 11 Iraker, 4 T\u00fcrken und 1 Nepali, f\u00fcgte er hinzu.<\/p>\n<p>Herr Kontr\u00e1t betonte, dass seit Inkrafttreten der versch\u00e4rften gesetzlichen Grenzschlie\u00dfung niemand illegal in das Hoheitsgebiet Ungarns einreisen k\u00f6nne, weil die Beh\u00f6rden dies verhindert h\u00e4tten und die im Landesinneren festgenommenen Migranten dorthin zur\u00fcckbegleitet worden seien die Transitzonen.<\/p>\n<p>Er bemerkte auch, dass die Erweiterung der Transitzonen abgeschlossen sei.<\/p>\n<p>Die neue Verordnung sch\u00fctze nicht nur Ungarn, sondern die gesamte Europ\u00e4ische Union, einschlie\u00dflich der B\u00fcrger Westeuropas, betonte er.<\/p>\n<p>Herr Kontr\u00e1t sagte, dass die Leiter der Asylb\u00fcros der Visegr\u00e1d Four am Mittwoch und Donnerstag ein Treffen h\u00e4tten, in dessen Rahmen sie auch die Transitzone R\u00f6szke besuchten. Zsuzsanna V\u00e9gh, Generaldirektorin des Einwanderungs- und Asylamtes, teilte der Presse mit, dass die anwesenden Leiter und Experten der Au\u00dfenstellen in einem Ton der Wertsch\u00e4tzung \u00fcber die verst\u00e4rkte Schlie\u00dfung der rechtlichen Grenzen gesprochen und hervorgehoben h\u00e4tten, dass sie dem Wohl aller Schengen-Mitgliedstaaten diene, und in einer Position dargelegt: Ungarn gehe im Einklang mit den Zielen der EU vor, sagte Herr Kontr\u00e1t.<\/p>\n","protected":false},"excerpt":{"rendered":"<p>Die am Dienstag in Kraft getretene gesetzliche Grenzschlie\u00dfung funktioniere gut und problemlos, die ersten Erfahrungen seien positiv und Migranten seien von der serbischen Seite der Grenze verschwunden, sagte der Staatsminister des Innenministeriums der ungarischen Nachrichtenagentur MTI. K\u00e1roly Kontr\u00e1t sagte, dass die j\u00fcngste Ma\u00dfnahme auch eine \u201everschiebende Wirkung\u201chabe: \u201eWeniger illegale Migranten versuchen, nach Ungarn einzureisen, da [&hellip;]<\/p>\n","protected":false},"author":2,"featured_media":749936,"comment_status":"open","ping_status":"open","sticky":false,"template":"","format":"standard","meta":{"_acf_changed":false,"_display_image":"","footnotes":""},"categories":[1081],"tags":[1082,1445,1299],"class_list":["post-749935","post","type-post","status-publish","format-standard","has-post-thumbnail","hentry","category-politik","tag-europaische-union","tag-migration","tag-schengen"],"blocksy_meta":[],"acf":[],"author_username":"alk","telegram_post":"","public_post_metadata":{"breaking_news":"","important":"","csempe":"","center_tile":"","disable_thumbnail":"","target_lang":"","_featured_image_style":"","telegram_post":"","_xlat_group_id":""},"public_rank_math_data":{"title":"%title% %sep% %sitename%","description":"","focus_keyword":"Grenze","canonical_url":"","robots":"","primary_category":"1081","breadcrumb_title":"","facebook_title":"","facebook_description":"","facebook_image":"","facebook_image_id":"","twitter_title":"","twitter_description":"","twitter_image":"","twitter_image_id":"","twitter_card_type":"","twitter_use_facebook":"","advanced_robots":"","pillar_content":"","seo_score":"55","contentai_score":"","rich_snippet":""},"_links":{"self":[{"href":"https:\/\/dailynewshungary.com\/de\/wp-json\/wp\/v2\/posts\/749935","targetHints":{"allow":["GET"]}}],"collection":[{"href":"https:\/\/dailynewshungary.com\/de\/wp-json\/wp\/v2\/posts"}],"about":[{"href":"https:\/\/dailynewshungary.com\/de\/wp-json\/wp\/v2\/types\/post"}],"author":[{"embeddable":true,"href":"https:\/\/dailynewshungary.com\/de\/wp-json\/wp\/v2\/users\/2"}],"replies":[{"embeddable":true,"href":"https:\/\/dailynewshungary.com\/de\/wp-json\/wp\/v2\/comments?post=749935"}],"version-history":[{"count":0,"href":"https:\/\/dailynewshungary.com\/de\/wp-json\/wp\/v2\/posts\/749935\/revisions"}],"wp:featuredmedia":[{"embeddable":true,"href":"https:\/\/dailynewshungary.com\/de\/wp-json\/wp\/v2\/media\/749936"}],"wp:attachment":[{"href":"https:\/\/dailynewshungary.com\/de\/wp-json\/wp\/v2\/media?parent=749935"}],"wp:term":[{"taxonomy":"category","embeddable":true,"href":"https:\/\/dailynewshungary.com\/de\/wp-json\/wp\/v2\/categories?post=749935"},{"taxonomy":"post_tag","embeddable":true,"href":"https:\/\/dailynewshungary.com\/de\/wp-json\/wp\/v2\/tags?post=749935"}],"curies":[{"name":"wp","href":"https:\/\/api.w.org\/{rel}","templated":true}]}}