{"id":749951,"date":"2017-04-03T11:30:09","date_gmt":"2017-04-03T09:30:09","guid":{"rendered":"https:\/\/dailynewshungary.com\/de\/ungarn-mochte-dass-die-eu-masnahmen-gegen-unterschiede-in-der-lebensmittelqualitat-ergreift\/"},"modified":"2017-04-03T11:30:09","modified_gmt":"2017-04-03T09:30:09","slug":"ungarn-mochte-dass-die-eu-masnahmen-gegen-unterschiede-in-der-lebensmittelqualitat-ergreift","status":"publish","type":"post","link":"https:\/\/dailynewshungary.com\/de\/ungarn-mochte-dass-die-eu-masnahmen-gegen-unterschiede-in-der-lebensmittelqualitat-ergreift\/","title":{"rendered":"Ungarn m\u00f6chte, dass die EU Ma\u00dfnahmen gegen Unterschiede in der Lebensmittelqualit\u00e4t ergreift"},"content":{"rendered":"<p><strong>Budapest, 3. April (MTI) \u2013 Die ungarische Regierung erwartet von der Europ\u00e4ischen Union rechtliche Schritte, um Praktiken entgegenzuwirken, die zu Diskrepanzen bei den in Ungarn und anderen EU-L\u00e4ndern verkauften Lebensmitteln f\u00fchren, sagte R\u00f3bert Zsig\u00f3, Staatssekret\u00e4r f\u00fcr die \u00dcberwachung der Lebensmittelkette, am Montag.<\/strong><\/p>\n<p>Zwar seien \u00c4nderungen der Zutaten und des Geschmacks bei vergleichbaren Produkten in verschiedenen Mitgliedstaaten legal, die Praxis schade den ungarischen Verbrauchern, sagte Zsig\u00f3 dem \u00f6ffentlichen Nachrichtensender M1. Die EU sollte eingreifen, damit alle Produkte in Ungarn, \u00d6sterreich und Deutschland die gleiche Qualit\u00e4t haben, betonte er.<\/p>\n<p>Das Nationale Amt f\u00fcr Sicherheit der Lebensmittelkette (NEBIH) hat am vergangenen Mittwoch eine \u00dcberpr\u00fcfung von 96 in Ungarn, \u00d6sterreich und Italien gekauften Produkten abgeschlossen, stellte Zsig\u00f3 fest. Insgesamt wurden 84 Lebensmittel, 7 Biere und 5 Tiernahrungsmittel untersucht. In 71 F\u00e4llen wurden Unterschiede festgestellt, darunter 30 F\u00e4lle, in denen der Unterschied auf dem Geschmack beruhte, 8 F\u00e4lle, in denen es einen Unterschied in den Zutaten gab, und 33 F\u00e4lle, in denen sowohl der Geschmack als auch die Zutaten unterschiedlich waren, sagte er.<\/p>\n<p>Die \u00dcberpr\u00fcfung habe ergeben, dass in Ungarn in einigen F\u00e4llen minderwertige Produkte unter demselben oder einem vergleichbaren Markennamen verkauft w\u00fcrden als in Westeuropa, sagte Zsig\u00f3.<\/p>\n<p><em>Foto: Daily News Ungarn<\/em><\/p>\n","protected":false},"excerpt":{"rendered":"<p>Budapest, 3. April (MTI) \u2013 Die ungarische Regierung erwartet von der Europ\u00e4ischen Union rechtliche Schritte, um Praktiken entgegenzuwirken, die zu Diskrepanzen bei den in Ungarn und anderen EU-L\u00e4ndern verkauften Lebensmitteln f\u00fchren, sagte R\u00f3bert Zsig\u00f3, Staatssekret\u00e4r f\u00fcr die \u00dcberwachung der Lebensmittelkette, am Montag. Zwar seien \u00c4nderungen der Zutaten und des Geschmacks bei vergleichbaren Produkten in verschiedenen [&hellip;]<\/p>\n","protected":false},"author":2,"featured_media":749952,"comment_status":"open","ping_status":"open","sticky":false,"template":"","format":"standard","meta":{"_acf_changed":false,"_display_image":"","footnotes":""},"categories":[1281],"tags":[1082,1175],"class_list":["post-749951","post","type-post","status-publish","format-standard","has-post-thumbnail","hentry","category-geschaft","tag-europaische-union","tag-lebensmittel"],"blocksy_meta":[],"acf":[],"author_username":"alk","telegram_post":"","public_post_metadata":{"breaking_news":"","important":"","csempe":"","center_tile":"","disable_thumbnail":"","target_lang":"","_featured_image_style":"","telegram_post":"","_xlat_group_id":""},"public_rank_math_data":{"title":"%title% %sep% %sitename%","description":"","focus_keyword":"Nahrung","canonical_url":"","robots":"","primary_category":"1281","breadcrumb_title":"","facebook_title":"","facebook_description":"","facebook_image":"","facebook_image_id":"","twitter_title":"","twitter_description":"","twitter_image":"","twitter_image_id":"","twitter_card_type":"","twitter_use_facebook":"","advanced_robots":"","pillar_content":"","seo_score":"52","contentai_score":"","rich_snippet":""},"_links":{"self":[{"href":"https:\/\/dailynewshungary.com\/de\/wp-json\/wp\/v2\/posts\/749951","targetHints":{"allow":["GET"]}}],"collection":[{"href":"https:\/\/dailynewshungary.com\/de\/wp-json\/wp\/v2\/posts"}],"about":[{"href":"https:\/\/dailynewshungary.com\/de\/wp-json\/wp\/v2\/types\/post"}],"author":[{"embeddable":true,"href":"https:\/\/dailynewshungary.com\/de\/wp-json\/wp\/v2\/users\/2"}],"replies":[{"embeddable":true,"href":"https:\/\/dailynewshungary.com\/de\/wp-json\/wp\/v2\/comments?post=749951"}],"version-history":[{"count":0,"href":"https:\/\/dailynewshungary.com\/de\/wp-json\/wp\/v2\/posts\/749951\/revisions"}],"wp:featuredmedia":[{"embeddable":true,"href":"https:\/\/dailynewshungary.com\/de\/wp-json\/wp\/v2\/media\/749952"}],"wp:attachment":[{"href":"https:\/\/dailynewshungary.com\/de\/wp-json\/wp\/v2\/media?parent=749951"}],"wp:term":[{"taxonomy":"category","embeddable":true,"href":"https:\/\/dailynewshungary.com\/de\/wp-json\/wp\/v2\/categories?post=749951"},{"taxonomy":"post_tag","embeddable":true,"href":"https:\/\/dailynewshungary.com\/de\/wp-json\/wp\/v2\/tags?post=749951"}],"curies":[{"name":"wp","href":"https:\/\/api.w.org\/{rel}","templated":true}]}}