{"id":750011,"date":"2017-03-31T21:00:26","date_gmt":"2017-03-31T19:00:26","guid":{"rendered":"https:\/\/dailynewshungary.com\/de\/ausenminister-ungarn-unterstutzt-us-aufforderung-dass-die-nato-sich-der-koalition-im-kampf-gegen-den-islamischen-staat-anschliesen-soll\/"},"modified":"2017-03-31T21:00:26","modified_gmt":"2017-03-31T19:00:26","slug":"ausenminister-ungarn-unterstutzt-us-aufforderung-dass-die-nato-sich-der-koalition-im-kampf-gegen-den-islamischen-staat-anschliesen-soll","status":"publish","type":"post","link":"https:\/\/dailynewshungary.com\/de\/ausenminister-ungarn-unterstutzt-us-aufforderung-dass-die-nato-sich-der-koalition-im-kampf-gegen-den-islamischen-staat-anschliesen-soll\/","title":{"rendered":"Au\u00dfenminister: Ungarn unterst\u00fctzt US-Aufforderung, dass die NATO sich der Koalition im Kampf gegen den Islamischen Staat anschlie\u00dfen soll"},"content":{"rendered":"<p><strong>Br\u00fcssel, 31. M\u00e4rz (MTI) \u201eUngarn unterst\u00fctzt eine amerikanische Initiative, um die NATO dazu zu bringen, sich offiziell der Koalition im Kampf gegen die Terrororganisation Islamischer Staat anzuschlie\u00dfen, sagte Au\u00dfenminister P\u00e9ter Szijj\u00e1rt\u00f3 am Freitag bei einem eint\u00e4gigen Br\u00fcsseler Treffen der Au\u00dfenminister des B\u00fcndnisses.<\/strong><\/p>\n<p>In einer Pause sagte der Minister gegen\u00fcber Journalisten, die US-Regierung habe zwei Erwartungen an die NATO deutlich gemacht, wobei die eine darin bestehe, dass das B\u00fcndnis eine gr\u00f6\u00dfere Rolle bei der Terrorismusbek\u00e4mpfung \u00fcbernehmen werde, und die andere darin, dass die Mitgliedstaaten ihrer fr\u00fcheren Verpflichtung zur Erh\u00f6hung der Verteidigungsausgaben nachkommen sollten.<\/p>\n<p>Ungarn stimme diesen amerikanischen Zielen zu und betrachte die vollst\u00e4ndige Beseitigung der Terrorgruppe Islamischer Staat (IS) als Schl\u00fcssel zur L\u00f6sung der Migrationskrise und des Problems des beginnenden Verschwindens christlicher Gemeinschaften im Nahen Osten, sagte er.<\/p>\n<p>Die Regierung werde veranlassen, dass das Parlament die Beteiligung Ungarns an der Anti-IS-Koalition um weitere zwei Jahre bis Ende 2019 verl\u00e4ngern und die St\u00e4rke des in der Region stationierten ungarischen Kontingents von 150 auf 200 erh\u00f6hen solle, sagte der Minister.<\/p>\n<p>Szijj\u00e1rt\u00f3 best\u00e4tigte, dass Ungarn seine Verteidigungsausgaben bis 2024 wie von der NATO erwartet auf 2 Prozent des BIP erh\u00f6hen werde.<\/p>\n<p>Ungarn beteiligt sich auch an Bem\u00fchungen zur St\u00e4rkung der vom Islamischen Staat direkt bedrohten L\u00e4nder. Zu diesem Zweck habe es im letzten halben Jahr Schulungen f\u00fcr irakische Soldaten und jordanische Sicherheitskr\u00e4fte durchgef\u00fchrt und werde im Sommer ein \u00e4hnliches Programm f\u00fcr \u00e4gyptische Soldaten organisieren, sagte er.<\/p>\n<p>Szijj\u00e1rt\u00f3 betonte die Notwendigkeit, die euroatlantische Integration der westlichen Balkanl\u00e4nder voranzutreiben und die NATO-Pr\u00e4senz in der Region aufrechtzuerhalten.<\/p>\n<h4>Ungarn verteidigt die Rechte ethnischer Ungarn in der Ukraine<\/h4>\n<p>Ungarn sei bereit, den EU-Integrationsprozess der Ukraine zu unterst\u00fctzen und ein \u00fcberzeugter Bef\u00fcrworter einer Befreiung von der Visumpflicht und eines Freihandelsabkommens mit der EU, werde sich aber f\u00fcr die Rechte ethnischer Ungarn in diesem Land einsetzen, sagte Au\u00dfenminister P\u00e9ter Szijj\u00e1rt\u00f3 nach Gespr\u00e4chen mit seinem ukrainischen Amtskollegen am Freitag gegen\u00fcber MTI.<\/p>\n<p>Am Rande eines Br\u00fcsseler Treffens der EU-Au\u00dfenminister mit Pavlo Klimkin betonte Szijj\u00e1rt\u00f3, dass geplante \u00c4nderungen des ukrainischen Sprachengesetzes, des Bildungsgesetzes oder des Staatsb\u00fcrgerschaftsgesetzes die Rechte der ethnischen ungarischen Gemeinschaften des Landes nicht beeintr\u00e4chtigen d\u00fcrften. Sollte dies geschehen, werde Ungarn nicht z\u00f6gern, das Thema in EU-Foren anzusprechen, sagte er.<\/p>\n<p>Bei einem Treffen mit seinem isl\u00e4ndischen Amtskollegen Gudlaugur Thor Thordarson einigten sich die Parteien auf die Einrichtung einer Arbeitsgruppe zur F\u00f6rderung der Zusammenarbeit bei der Nutzung geothermischer Energiequellen und Thermalquellen. Thordarson begr\u00fc\u00dfte, dass Ungarn im Rahmen des NATO Smart Defense Program bereit sei, sich ab 2020 an der Verteidigung des isl\u00e4ndischen Luftraums zu beteiligen.<\/p>\n<p><em>Foto: MTi<\/em><\/p>\n","protected":false},"excerpt":{"rendered":"<p>Br\u00fcssel, 31. M\u00e4rz (MTI) \u201eUngarn unterst\u00fctzt eine amerikanische Initiative, um die NATO dazu zu bringen, sich offiziell der Koalition im Kampf gegen die Terrororganisation Islamischer Staat anzuschlie\u00dfen, sagte Au\u00dfenminister P\u00e9ter Szijj\u00e1rt\u00f3 am Freitag bei einem eint\u00e4gigen Br\u00fcsseler Treffen der Au\u00dfenminister des B\u00fcndnisses. In einer Pause sagte der Minister gegen\u00fcber Journalisten, die US-Regierung habe zwei Erwartungen [&hellip;]<\/p>\n","protected":false},"author":2,"featured_media":750012,"comment_status":"open","ping_status":"open","sticky":false,"template":"","format":"standard","meta":{"_acf_changed":false,"_display_image":"","footnotes":""},"categories":[1081],"tags":[1470,1082,1445,1543,1092],"class_list":["post-750011","post","type-post","status-publish","format-standard","has-post-thumbnail","hentry","category-politik","tag-ausenministerium-fur-ungarn","tag-europaische-union","tag-migration","tag-terrorismus","tag-ukraine"],"blocksy_meta":[],"acf":[],"author_username":"alk","telegram_post":"","public_post_metadata":{"breaking_news":"","important":"","csempe":"","center_tile":"","disable_thumbnail":"","target_lang":"","_featured_image_style":"","telegram_post":"","_xlat_group_id":""},"public_rank_math_data":{"title":"%title% %sep% %sitename%","description":"","focus_keyword":"Ausland","canonical_url":"","robots":"","primary_category":"1081","breadcrumb_title":"","facebook_title":"","facebook_description":"","facebook_image":"","facebook_image_id":"","twitter_title":"","twitter_description":"","twitter_image":"","twitter_image_id":"","twitter_card_type":"","twitter_use_facebook":"","advanced_robots":"","pillar_content":"","seo_score":"53","contentai_score":"","rich_snippet":""},"_links":{"self":[{"href":"https:\/\/dailynewshungary.com\/de\/wp-json\/wp\/v2\/posts\/750011","targetHints":{"allow":["GET"]}}],"collection":[{"href":"https:\/\/dailynewshungary.com\/de\/wp-json\/wp\/v2\/posts"}],"about":[{"href":"https:\/\/dailynewshungary.com\/de\/wp-json\/wp\/v2\/types\/post"}],"author":[{"embeddable":true,"href":"https:\/\/dailynewshungary.com\/de\/wp-json\/wp\/v2\/users\/2"}],"replies":[{"embeddable":true,"href":"https:\/\/dailynewshungary.com\/de\/wp-json\/wp\/v2\/comments?post=750011"}],"version-history":[{"count":0,"href":"https:\/\/dailynewshungary.com\/de\/wp-json\/wp\/v2\/posts\/750011\/revisions"}],"wp:featuredmedia":[{"embeddable":true,"href":"https:\/\/dailynewshungary.com\/de\/wp-json\/wp\/v2\/media\/750012"}],"wp:attachment":[{"href":"https:\/\/dailynewshungary.com\/de\/wp-json\/wp\/v2\/media?parent=750011"}],"wp:term":[{"taxonomy":"category","embeddable":true,"href":"https:\/\/dailynewshungary.com\/de\/wp-json\/wp\/v2\/categories?post=750011"},{"taxonomy":"post_tag","embeddable":true,"href":"https:\/\/dailynewshungary.com\/de\/wp-json\/wp\/v2\/tags?post=750011"}],"curies":[{"name":"wp","href":"https:\/\/api.w.org\/{rel}","templated":true}]}}