{"id":750098,"date":"2017-03-28T20:50:31","date_gmt":"2017-03-28T18:50:31","guid":{"rendered":"https:\/\/dailynewshungary.com\/de\/jobbik-startet-kampagne-zur-europaischen-lohnunion\/"},"modified":"2017-03-28T20:50:31","modified_gmt":"2017-03-28T18:50:31","slug":"jobbik-startet-kampagne-zur-europaischen-lohnunion","status":"publish","type":"post","link":"https:\/\/dailynewshungary.com\/de\/jobbik-startet-kampagne-zur-europaischen-lohnunion\/","title":{"rendered":"Jobbik startet Kampagne zur europ\u00e4ischen Lohnunion"},"content":{"rendered":"<p><strong>Budapest, 28. M\u00e4rz (MTI) \u201eDie europ\u00e4ische Lohngleichheit soll zu einem der wichtigsten aktuellen Themen werden, sagte der Oppositionsf\u00fchrer Jobbik am Dienstag in Budapest beim Start der Kampagne der Partei zur \u201eAltersunion\u201c.<\/strong><\/p>\n<p>Die Ungleichheit der L\u00f6hne sei die Ursache f\u00fcr die Arbeitssuche der Ungarn im Ausland und die Kreditkrise in Fremdw\u00e4hrungen im Jahr 2009, sagte G\u00e1bor Vona auf einer Pressekonferenz.<\/p>\n<p>Der aus acht L\u00e4ndern bestehende B\u00fcrgerausschuss habe seine Petition an die Europ\u00e4ische Kommission gerichtet, stellte Vona fest.<\/p>\n<figure id=\"attachment_111040\" aria-describedby=\"caption-attachment-111040\" style=\"width: 1024px\" class=\"wp-caption aligncenter\"><a href=\"https:\/\/contentf5.dailynewshungary.com\/wp-content\/uploads\/2017\/03\/D_MAR20170328004.jpg\" data-pswp-width=\"4356\" data-pswp-height=\"2907\" data-cropped=\"true\"><img loading=\"lazy\" decoding=\"async\" class=\"size-large wp-image-111040\" src=\"https:\/\/dailynewshungary.com\/wp-content\/uploads\/2017\/03\/D_MAR20170328004-1024x683.jpg\" alt=\"D MAR X\" width=\"1024\" height=\"683\" srcset=\"https:\/\/contentf5.dailynewshungary.com\/wp-content\/uploads\/2017\/03\/D_MAR20170328004-1024x683.jpg 1024w, https:\/\/contentf5.dailynewshungary.com\/wp-content\/uploads\/2017\/03\/D_MAR20170328004-300x200.jpg 300w, https:\/\/contentf5.dailynewshungary.com\/wp-content\/uploads\/2017\/03\/D_MAR20170328004-768x513.jpg 768w, https:\/\/contentf5.dailynewshungary.com\/wp-content\/uploads\/2017\/03\/D_MAR20170328004-220x147.jpg 220w, https:\/\/contentf5.dailynewshungary.com\/wp-content\/uploads\/2017\/03\/D_MAR20170328004-610x407.jpg 610w, https:\/\/contentf5.dailynewshungary.com\/wp-content\/uploads\/2017\/03\/D_MAR20170328004-1080x721.jpg 1080w\" sizes=\"auto, (max-width: 1024px) 100vw, 1024px\"><\/a><figcaption id=\"caption-attachment-111040\" class=\"wp-caption-text\">Foto: MTI<\/figcaption><\/figure>\n<p>Der Abgeordnete M\u00e1rton Gy\u00f6ngy\u00f6si sagte, Jobbik suche \u201ceine Art Konsultation\u201d mit Mitgliedern der \u00d6ffentlichkeit und Vertretern von Gewerkschaften.<\/p>\n<p>Gy\u00f6ngy\u00f6si sagte vorhin, dass der Ausschuss eine z\u00fcgige Bewertung der Petition fordert, damit die Arbeit beginnen kann, eine Million Unterschriften zu sammeln, die erforderlich sind, um den Grundsatz \u201egleicher Lohn f\u00fcr gleiche Arbeit\u201cin die Satzung der Europ\u00e4ischen Union aufzunehmen.<\/p>\n<p>&nbsp;<\/p>\n<p><em>Foto: MTI<\/em><\/p>\n","protected":false},"excerpt":{"rendered":"<p>Budapest, 28. M\u00e4rz (MTI) \u201eDie europ\u00e4ische Lohngleichheit soll zu einem der wichtigsten aktuellen Themen werden, sagte der Oppositionsf\u00fchrer Jobbik am Dienstag in Budapest beim Start der Kampagne der Partei zur \u201eAltersunion\u201c. Die Ungleichheit der L\u00f6hne sei die Ursache f\u00fcr die Arbeitssuche der Ungarn im Ausland und die Kreditkrise in Fremdw\u00e4hrungen im Jahr 2009, sagte G\u00e1bor [&hellip;]<\/p>\n","protected":false},"author":2,"featured_media":750099,"comment_status":"open","ping_status":"open","sticky":false,"template":"","format":"standard","meta":{"_acf_changed":false,"_display_image":"","footnotes":""},"categories":[1281],"tags":[1096,1082,1632,1104],"class_list":["post-750098","post","type-post","status-publish","format-standard","has-post-thumbnail","hentry","category-geschaft","tag-arbeitsmarkt","tag-europaische-union","tag-jobbik","tag-wirtschaft"],"blocksy_meta":[],"acf":[],"author_username":"alk","telegram_post":"","public_post_metadata":{"breaking_news":"","important":"","csempe":"","center_tile":"","disable_thumbnail":"","target_lang":"","_featured_image_style":"","telegram_post":"","_xlat_group_id":""},"public_rank_math_data":{"title":"%title% %sep% %sitename%","description":"","focus_keyword":"Lohngewerkschaft","canonical_url":"","robots":"","primary_category":"1281","breadcrumb_title":"","facebook_title":"","facebook_description":"","facebook_image":"","facebook_image_id":"","twitter_title":"","twitter_description":"","twitter_image":"","twitter_image_id":"","twitter_card_type":"","twitter_use_facebook":"","advanced_robots":"","pillar_content":"","seo_score":"57","contentai_score":"","rich_snippet":""},"_links":{"self":[{"href":"https:\/\/dailynewshungary.com\/de\/wp-json\/wp\/v2\/posts\/750098","targetHints":{"allow":["GET"]}}],"collection":[{"href":"https:\/\/dailynewshungary.com\/de\/wp-json\/wp\/v2\/posts"}],"about":[{"href":"https:\/\/dailynewshungary.com\/de\/wp-json\/wp\/v2\/types\/post"}],"author":[{"embeddable":true,"href":"https:\/\/dailynewshungary.com\/de\/wp-json\/wp\/v2\/users\/2"}],"replies":[{"embeddable":true,"href":"https:\/\/dailynewshungary.com\/de\/wp-json\/wp\/v2\/comments?post=750098"}],"version-history":[{"count":0,"href":"https:\/\/dailynewshungary.com\/de\/wp-json\/wp\/v2\/posts\/750098\/revisions"}],"wp:featuredmedia":[{"embeddable":true,"href":"https:\/\/dailynewshungary.com\/de\/wp-json\/wp\/v2\/media\/750099"}],"wp:attachment":[{"href":"https:\/\/dailynewshungary.com\/de\/wp-json\/wp\/v2\/media?parent=750098"}],"wp:term":[{"taxonomy":"category","embeddable":true,"href":"https:\/\/dailynewshungary.com\/de\/wp-json\/wp\/v2\/categories?post=750098"},{"taxonomy":"post_tag","embeddable":true,"href":"https:\/\/dailynewshungary.com\/de\/wp-json\/wp\/v2\/tags?post=750098"}],"curies":[{"name":"wp","href":"https:\/\/api.w.org\/{rel}","templated":true}]}}