{"id":750148,"date":"2017-03-27T14:20:56","date_gmt":"2017-03-27T12:20:56","guid":{"rendered":"https:\/\/dailynewshungary.com\/de\/von-einer-engeren-eu-zusammenarbeit-fernzubleiben-ware-sin-sagen-sozialisten\/"},"modified":"2017-03-27T14:20:56","modified_gmt":"2017-03-27T12:20:56","slug":"von-einer-engeren-eu-zusammenarbeit-fernzubleiben-ware-sin-sagen-sozialisten","status":"publish","type":"post","link":"https:\/\/dailynewshungary.com\/de\/von-einer-engeren-eu-zusammenarbeit-fernzubleiben-ware-sin-sagen-sozialisten\/","title":{"rendered":"Von einer engeren EU-Zusammenarbeit fernzubleiben, w\u00e4re \u2018sin\u2019, sagen Sozialisten"},"content":{"rendered":"<p><strong>Budapest, 27. M\u00e4rz (MTI) \u201eWeiter von einer engeren Zusammenarbeit fernzuhalten, die in der am Sonntag zum 60. Jahrestag der R\u00f6mischen Vertr\u00e4ge unterzeichneten Erkl\u00e4rung vorgesehen ist, w\u00e4re eine \u201ehistorische S\u00fcnde\u201cgegen die ungarische Nation, sagte der Oppositionsf\u00fchrer der sozialistischen Gruppe, Bertalan T\u00f3th, am Montag sagte er zu einer Pressekonferenz.<\/strong><\/p>\n<p>Die Sozialisten teilen das in der Erkl\u00e4rung erkl\u00e4rte Ziel, dass Europa sicher und gesch\u00fctzt, gedeihen und nachhaltig, sozial empathisch und international aktiv sein sollte, sagte er.<\/p>\n<p>Die Idee, dass die Mitgliedstaaten gegebenenfalls \u201ein unterschiedlichen Tiefen und mit unterschiedlicher Geschwindigkeit\u201chandeln, gibt jedoch Anlass zur Sorge, da das Szenario, das ein Europa der zwei Geschwindigkeiten impliziert, Ungarn dazu zwingen w\u00fcrde, zu entscheiden, welchem Kreis es angeh\u00f6ren m\u00f6chte, sagte er sagte.<\/p>\n<p>Die systematischen Probleme der EU sollten kein Grund sein, alle Initiativen zu vereiteln, sondern sollten angegangen werden, um ein sozial integratives Europa zu schaffenDie Sozialisten k\u00e4mpfen daf\u00fcr, Ungarn so weit wie m\u00f6glich in den Entscheidungsprozess der EU zu integrieren, sagte er.<\/p>\n<p>Der Europaabgeordnete Istv\u00e1n Ujhelyi, der stellvertretende Vorsitzende der Partei, sagte, es sei \u201ceine historische S\u00fcnde, eine Sackgasse\u201d, wenn Ministerpr\u00e4sident Viktor Orb\u00e1n seine Anti-EU-Politik fortsetze.<\/p>\n<blockquote>\n<p>\u201cDas zweistufige Europa wird bedeuten, dass ein oder zwei L\u00e4nder, Ungarn und Polen, nicht an schnelleren Fortschritten innerhalb der Europ\u00e4ischen Union beteiligt w\u00e4ren\u201d, sagte er.<\/p>\n<\/blockquote>\n","protected":false},"excerpt":{"rendered":"<p>Budapest, 27. M\u00e4rz (MTI) \u201eWeiter von einer engeren Zusammenarbeit fernzuhalten, die in der am Sonntag zum 60. Jahrestag der R\u00f6mischen Vertr\u00e4ge unterzeichneten Erkl\u00e4rung vorgesehen ist, w\u00e4re eine \u201ehistorische S\u00fcnde\u201cgegen die ungarische Nation, sagte der Oppositionsf\u00fchrer der sozialistischen Gruppe, Bertalan T\u00f3th, am Montag sagte er zu einer Pressekonferenz. Die Sozialisten teilen das in der Erkl\u00e4rung erkl\u00e4rte [&hellip;]<\/p>\n","protected":false},"author":2,"featured_media":750149,"comment_status":"open","ping_status":"open","sticky":false,"template":"","format":"standard","meta":{"_acf_changed":false,"_display_image":"","footnotes":""},"categories":[1081],"tags":[1082,1695],"class_list":["post-750148","post","type-post","status-publish","format-standard","has-post-thumbnail","hentry","category-politik","tag-europaische-union","tag-sozialisten"],"blocksy_meta":[],"acf":[],"author_username":"alk","telegram_post":"","public_post_metadata":{"breaking_news":"","important":"","csempe":"","center_tile":"","disable_thumbnail":"","target_lang":"","_featured_image_style":"","telegram_post":"","_xlat_group_id":""},"public_rank_math_data":{"title":"%title% %sep% %sitename%","description":"","focus_keyword":"Sozialisten","canonical_url":"","robots":"","primary_category":"1081","breadcrumb_title":"","facebook_title":"","facebook_description":"","facebook_image":"","facebook_image_id":"","twitter_title":"","twitter_description":"","twitter_image":"","twitter_image_id":"","twitter_card_type":"","twitter_use_facebook":"","advanced_robots":"","pillar_content":"","seo_score":"50","contentai_score":"","rich_snippet":""},"_links":{"self":[{"href":"https:\/\/dailynewshungary.com\/de\/wp-json\/wp\/v2\/posts\/750148","targetHints":{"allow":["GET"]}}],"collection":[{"href":"https:\/\/dailynewshungary.com\/de\/wp-json\/wp\/v2\/posts"}],"about":[{"href":"https:\/\/dailynewshungary.com\/de\/wp-json\/wp\/v2\/types\/post"}],"author":[{"embeddable":true,"href":"https:\/\/dailynewshungary.com\/de\/wp-json\/wp\/v2\/users\/2"}],"replies":[{"embeddable":true,"href":"https:\/\/dailynewshungary.com\/de\/wp-json\/wp\/v2\/comments?post=750148"}],"version-history":[{"count":0,"href":"https:\/\/dailynewshungary.com\/de\/wp-json\/wp\/v2\/posts\/750148\/revisions"}],"wp:featuredmedia":[{"embeddable":true,"href":"https:\/\/dailynewshungary.com\/de\/wp-json\/wp\/v2\/media\/750149"}],"wp:attachment":[{"href":"https:\/\/dailynewshungary.com\/de\/wp-json\/wp\/v2\/media?parent=750148"}],"wp:term":[{"taxonomy":"category","embeddable":true,"href":"https:\/\/dailynewshungary.com\/de\/wp-json\/wp\/v2\/categories?post=750148"},{"taxonomy":"post_tag","embeddable":true,"href":"https:\/\/dailynewshungary.com\/de\/wp-json\/wp\/v2\/tags?post=750148"}],"curies":[{"name":"wp","href":"https:\/\/api.w.org\/{rel}","templated":true}]}}