{"id":750189,"date":"2017-03-26T09:00:42","date_gmt":"2017-03-26T07:00:42","guid":{"rendered":"https:\/\/dailynewshungary.com\/de\/ausenminister-ungarns-position-zur-migration-wird-popularer-der-kampf-geht-weiter\/"},"modified":"2017-03-26T09:00:42","modified_gmt":"2017-03-26T07:00:42","slug":"ausenminister-ungarns-position-zur-migration-wird-popularer-der-kampf-geht-weiter","status":"publish","type":"post","link":"https:\/\/dailynewshungary.com\/de\/ausenminister-ungarns-position-zur-migration-wird-popularer-der-kampf-geht-weiter\/","title":{"rendered":"Au\u00dfenminister: Ungarns Position zur Migration wird popul\u00e4rer, der Kampf geht weiter"},"content":{"rendered":"<p><strong>Budapest (MTI) \u201eUngarns Position zur illegalen Migration gewinnt an Unterst\u00fctzung, aber der Kampf in Br\u00fcssel geht weiter, sagte P\u00e9ter Szijj\u00e1rt\u00f3, Ungarns Au\u00dfenminister, am Samstag gegen\u00fcber MTI.<\/strong><\/p>\n<p>Der Minister merkte an, dass \u00d6sterreichs damaliger Kanzler vor nicht allzu langer Zeit \u201cUngarn nur deshalb des Faschismus bezichtigt hat, weil es sich vor illegaler Migration gesch\u00fctzt hatte. \u201cEin paar Wochen sp\u00e4ter begannen jedoch sogar die \u00d6sterreicher, einen Zaun zu errichten\u201d<\/p>\n<p>Die Situation habe sich inzwischen ge\u00e4ndert, sagte Szijj\u00e1rt\u00f3 und verwies auf die Erkl\u00e4rungen des deutschen und italienischen Innenministers zur Notwendigkeit, Fl\u00fcchtlingslager in Afrika statt in Europa einzurichten, sowie auf die Forderung des schwedischen Premierministers, die Au\u00dfengrenzen der EU zu verteidigen.<\/p>\n<p>\u201cUngarn hat seine Position nicht ge\u00e4ndert Genauer gesagt war es nicht Ungarn, das seine Position \u00e4ndern musste\u201d, sagte Szijj\u00e1rt\u00f3.<\/p>\n<p>Der Minister f\u00fcgte jedoch hinzu, dass \u201cder Kampf in Br\u00fcssel weitergeht\u201d, wobei der Vizepr\u00e4sident der Europ\u00e4ischen Kommission mit Ungarn und Polen \u00fcber europ\u00e4ische Werte streiten wolle.<\/p>\n<p>\u201cBr\u00fcssel hat das Ziel verfehlt\u201d Br\u00fcssel wolle seine Mitgliedstaaten unterdr\u00fccken und illegale Migranten hereinlassen, sagte er.<\/p>\n<p>Szijj\u00e1rt\u00f3 bezeichnete diesen Ansatz als inakzeptabel und sagte, dass die ungarischen Gesetze eindeutig seien und niemand das Staatsgebiet betreten d\u00fcrften, bevor seine Asylantr\u00e4ge gepr\u00fcft w\u00fcrden.<\/p>\n<p>Viele in Br\u00fcssel h\u00e4tten sich von der Realit\u00e4t, vom Alltag und \u201cleider von den Menschen, die sie vertreten sollten\u201d gel\u00f6st, sagte er.<\/p>\n<p>Man mag abstrakte Debatten \u00fcber ein Europa der einzelnen Geschwindigkeiten oder der mehreren Geschwindigkeiten f\u00fchren, aber sie f\u00fchren nirgendwo hin, sagte erLetztlich sollte die richtige Richtung ermittelt werden und dann \u201ck\u00f6nnten wir in den f\u00fcnften Gang gehen\u201d, sagte er.<\/p>\n<p>Die richtige Richtung w\u00e4re, der Heuchelei und der \u201cpolitisch korrekten\u201d Rede ein Ende zu setzen, die Dinge beim Namen zu nennen, ehrlich, klar mit der \u00d6ffentlichkeit zu kommunizieren und echte Antworten auf Herausforderungen zu geben, sagte er.<\/p>\n<p><em>Foto: MTI<\/em><\/p>\n","protected":false},"excerpt":{"rendered":"<p>Budapest (MTI) \u201eUngarns Position zur illegalen Migration gewinnt an Unterst\u00fctzung, aber der Kampf in Br\u00fcssel geht weiter, sagte P\u00e9ter Szijj\u00e1rt\u00f3, Ungarns Au\u00dfenminister, am Samstag gegen\u00fcber MTI. Der Minister merkte an, dass \u00d6sterreichs damaliger Kanzler vor nicht allzu langer Zeit \u201cUngarn nur deshalb des Faschismus bezichtigt hat, weil es sich vor illegaler Migration gesch\u00fctzt hatte. \u201cEin [&hellip;]<\/p>\n","protected":false},"author":2,"featured_media":750190,"comment_status":"open","ping_status":"open","sticky":false,"template":"","format":"standard","meta":{"_acf_changed":false,"_display_image":"","footnotes":""},"categories":[1081],"tags":[1470,1082,1445],"class_list":["post-750189","post","type-post","status-publish","format-standard","has-post-thumbnail","hentry","category-politik","tag-ausenministerium-fur-ungarn","tag-europaische-union","tag-migration"],"blocksy_meta":[],"acf":[],"author_username":"alk","telegram_post":"","public_post_metadata":{"breaking_news":"","important":"","csempe":"","center_tile":"","disable_thumbnail":"","target_lang":"","_featured_image_style":"","telegram_post":"","_xlat_group_id":""},"public_rank_math_data":{"title":"%title% %sep% %sitename%","description":"","focus_keyword":"Migration","canonical_url":"","robots":"","primary_category":"1081","breadcrumb_title":"","facebook_title":"","facebook_description":"","facebook_image":"","facebook_image_id":"","twitter_title":"","twitter_description":"","twitter_image":"","twitter_image_id":"","twitter_card_type":"","twitter_use_facebook":"","advanced_robots":"","pillar_content":"","seo_score":"52","contentai_score":"","rich_snippet":""},"_links":{"self":[{"href":"https:\/\/dailynewshungary.com\/de\/wp-json\/wp\/v2\/posts\/750189","targetHints":{"allow":["GET"]}}],"collection":[{"href":"https:\/\/dailynewshungary.com\/de\/wp-json\/wp\/v2\/posts"}],"about":[{"href":"https:\/\/dailynewshungary.com\/de\/wp-json\/wp\/v2\/types\/post"}],"author":[{"embeddable":true,"href":"https:\/\/dailynewshungary.com\/de\/wp-json\/wp\/v2\/users\/2"}],"replies":[{"embeddable":true,"href":"https:\/\/dailynewshungary.com\/de\/wp-json\/wp\/v2\/comments?post=750189"}],"version-history":[{"count":0,"href":"https:\/\/dailynewshungary.com\/de\/wp-json\/wp\/v2\/posts\/750189\/revisions"}],"wp:featuredmedia":[{"embeddable":true,"href":"https:\/\/dailynewshungary.com\/de\/wp-json\/wp\/v2\/media\/750190"}],"wp:attachment":[{"href":"https:\/\/dailynewshungary.com\/de\/wp-json\/wp\/v2\/media?parent=750189"}],"wp:term":[{"taxonomy":"category","embeddable":true,"href":"https:\/\/dailynewshungary.com\/de\/wp-json\/wp\/v2\/categories?post=750189"},{"taxonomy":"post_tag","embeddable":true,"href":"https:\/\/dailynewshungary.com\/de\/wp-json\/wp\/v2\/tags?post=750189"}],"curies":[{"name":"wp","href":"https:\/\/api.w.org\/{rel}","templated":true}]}}