{"id":750298,"date":"2017-03-22T11:30:28","date_gmt":"2017-03-22T10:30:28","guid":{"rendered":"https:\/\/dailynewshungary.com\/de\/ungarn-tadelt-osterreich-fur-den-plan-die-leistungen-fur-auslandische-arbeitnehmer-zu-kurzen\/"},"modified":"2017-03-22T11:30:28","modified_gmt":"2017-03-22T10:30:28","slug":"ungarn-tadelt-osterreich-fur-den-plan-die-leistungen-fur-auslandische-arbeitnehmer-zu-kurzen","status":"publish","type":"post","link":"https:\/\/dailynewshungary.com\/de\/ungarn-tadelt-osterreich-fur-den-plan-die-leistungen-fur-auslandische-arbeitnehmer-zu-kurzen\/","title":{"rendered":"Ungarn tadelt \u00d6sterreich f\u00fcr den Plan, die Leistungen f\u00fcr ausl\u00e4ndische Arbeitnehmer zu k\u00fcrzen"},"content":{"rendered":"<p><strong>Wien, 22. M\u00e4rz (MTI) 6 Zolt\u00e1n Balog, Ungarns Minister f\u00fcr Humanressourcen, kommentierte die \u00f6sterreichischen Pl\u00e4ne zur K\u00fcrzung der Leistungen f\u00fcr ausl\u00e4ndische Arbeitnehmer und sagte dem \u00f6sterreichischen \u00f6ffentlich-rechtlichen Fernsehen, dass ein Mitgliedstaat der Europ\u00e4ischen Union verpflichtet sei, sich mit anderen EU-Mitgliedern zu einigen, bevor er Ma\u00dfnahmen ergreife die den B\u00fcrgern des Blocks schaden.<\/strong><\/p>\n<p>\u201cAuch wenn ein Land unzufrieden ist, kann es nicht einseitig handeln und muss sich mit den anderen Mitgliedstaaten einigen\u201d, sagte er dem ORF \u201c\u00d6sterreich hat zugestimmt, die Gleichbehandlung innerhalb der EU sicherzustellen, und wenn das System innerhalb des EU-Rechts angemessen funktioniert, darf es nicht ge\u00e4ndert werden\u201d, f\u00fcgte er hinzu.<\/p>\n<p>Anfang M\u00e4rz teilte Balog der \u00f6sterreichischen Familien- und Jugendministerin Sophie Karmasin mit, dass die ungarische Regierung \u00d6sterreichs Plan, die Familienleistungen ausl\u00e4ndischer Arbeitnehmer, darunter auch Ungarn, zu k\u00fcrzen, ablehne.<\/p>\n<p>\u00d6sterreich m\u00f6chte die Zusch\u00fcsse der in \u00d6sterreich t\u00e4tigen ungarischen, tschechischen und rum\u00e4nischen Arbeitnehmer auf den Betrag reduzieren, der ihnen im eigenen Land zusteht.<\/p>\n<p>Dies w\u00fcrde eine Reduzierung um mindestens 50 Prozent f\u00fcr die Ungarn bedeuten, was inakzeptabel sei, sagte Balog und f\u00fcgte hinzu, dass in diesem Fall die aktuellen EU-Vorschriften und die Gleichberechtigung gelten sollten.<\/p>\n<p>Auf eine Frage hin teilte Balog dem ORF am sp\u00e4ten Dienstag mit, dass Ungarn den Wechsel \u00d6sterreichs f\u00fcr unfreundlich gegen\u00fcber Ungarn halte.<\/p>\n","protected":false},"excerpt":{"rendered":"<p>Wien, 22. M\u00e4rz (MTI) 6 Zolt\u00e1n Balog, Ungarns Minister f\u00fcr Humanressourcen, kommentierte die \u00f6sterreichischen Pl\u00e4ne zur K\u00fcrzung der Leistungen f\u00fcr ausl\u00e4ndische Arbeitnehmer und sagte dem \u00f6sterreichischen \u00f6ffentlich-rechtlichen Fernsehen, dass ein Mitgliedstaat der Europ\u00e4ischen Union verpflichtet sei, sich mit anderen EU-Mitgliedern zu einigen, bevor er Ma\u00dfnahmen ergreife die den B\u00fcrgern des Blocks schaden. \u201cAuch wenn ein [&hellip;]<\/p>\n","protected":false},"author":2,"featured_media":750299,"comment_status":"open","ping_status":"open","sticky":false,"template":"","format":"standard","meta":{"_acf_changed":false,"_display_image":"","footnotes":""},"categories":[1281],"tags":[1096,1082,1129,1130],"class_list":["post-750298","post","type-post","status-publish","format-standard","has-post-thumbnail","hentry","category-geschaft","tag-arbeitsmarkt","tag-europaische-union","tag-osterreich","tag-ungarn-im-ausland"],"blocksy_meta":[],"acf":[],"author_username":"alk","telegram_post":"","public_post_metadata":{"breaking_news":"","important":"","csempe":"","center_tile":"","disable_thumbnail":"","target_lang":"","_featured_image_style":"","telegram_post":"","_xlat_group_id":""},"public_rank_math_data":{"title":"%title% %sep% %sitename%","description":"","focus_keyword":"Ungarn \u00d6sterreich","canonical_url":"","robots":"","primary_category":"1281","breadcrumb_title":"","facebook_title":"","facebook_description":"","facebook_image":"","facebook_image_id":"","twitter_title":"","twitter_description":"","twitter_image":"","twitter_image_id":"","twitter_card_type":"","twitter_use_facebook":"","advanced_robots":"","pillar_content":"","seo_score":"1","contentai_score":"","rich_snippet":""},"_links":{"self":[{"href":"https:\/\/dailynewshungary.com\/de\/wp-json\/wp\/v2\/posts\/750298","targetHints":{"allow":["GET"]}}],"collection":[{"href":"https:\/\/dailynewshungary.com\/de\/wp-json\/wp\/v2\/posts"}],"about":[{"href":"https:\/\/dailynewshungary.com\/de\/wp-json\/wp\/v2\/types\/post"}],"author":[{"embeddable":true,"href":"https:\/\/dailynewshungary.com\/de\/wp-json\/wp\/v2\/users\/2"}],"replies":[{"embeddable":true,"href":"https:\/\/dailynewshungary.com\/de\/wp-json\/wp\/v2\/comments?post=750298"}],"version-history":[{"count":0,"href":"https:\/\/dailynewshungary.com\/de\/wp-json\/wp\/v2\/posts\/750298\/revisions"}],"wp:featuredmedia":[{"embeddable":true,"href":"https:\/\/dailynewshungary.com\/de\/wp-json\/wp\/v2\/media\/750299"}],"wp:attachment":[{"href":"https:\/\/dailynewshungary.com\/de\/wp-json\/wp\/v2\/media?parent=750298"}],"wp:term":[{"taxonomy":"category","embeddable":true,"href":"https:\/\/dailynewshungary.com\/de\/wp-json\/wp\/v2\/categories?post=750298"},{"taxonomy":"post_tag","embeddable":true,"href":"https:\/\/dailynewshungary.com\/de\/wp-json\/wp\/v2\/tags?post=750298"}],"curies":[{"name":"wp","href":"https:\/\/api.w.org\/{rel}","templated":true}]}}