{"id":750310,"date":"2017-03-21T21:10:35","date_gmt":"2017-03-21T20:10:35","guid":{"rendered":"https:\/\/dailynewshungary.com\/de\/jobbik-startet-kampagne-zur-eu-lohnunion\/"},"modified":"2017-03-21T21:10:35","modified_gmt":"2017-03-21T20:10:35","slug":"jobbik-startet-kampagne-zur-eu-lohnunion","status":"publish","type":"post","link":"https:\/\/dailynewshungary.com\/de\/jobbik-startet-kampagne-zur-eu-lohnunion\/","title":{"rendered":"Jobbik startet Kampagne zur EU-Lohnunion"},"content":{"rendered":"<p><strong>Budapest, 21. M\u00e4rz (MTI) \u2013 Die ungarische Oppositionspartei Jobbik startet eine Kampagne, um ihr Streben nach Lohnausgleich in der gesamten Europ\u00e4ischen Union voranzutreiben, sagte M\u00e1rton Gy\u00f6ngy\u00f6si, Abgeordneter der Partei, am Dienstag auf einer Pressekonferenz.<\/strong><\/p>\n<p>Das von Jobbik letzte Woche gebildete B\u00fcrgerkomitee habe seine Petition bereits an Alexander Italianer, Generalsekret\u00e4r der Europ\u00e4ischen Kommission, geschickt, bemerkte Gy\u00f6ngy\u00f6siDer Ausschuss bittet um eine z\u00fcgige Bewertung der Petition, damit die Arbeit beginnen kann, eine Million Unterschriften zu sammeln, die ben\u00f6tigt werden, um den Grundsatz \u201cgleicher Lohn f\u00fcr gleiche Arbeit\u201d in die Satzung der Europ\u00e4ischen Union aufzunehmen, sagte er.<\/p>\n<blockquote class=\"wp-embedded-content\" data-secret=\"dqFWEwcTdE\">\n<p><a href=\"https:\/\/dailynewshungary.com\/de\/internationales-zivilkomitee-gegrundet-um-auf-die-europaische-lohnunion-zu-drangen\/\">Internationales Zivilkomitee gegr\u00fcndet, um auf die europ\u00e4ische Lohnunion zu dr\u00e4ngen<\/a><\/p>\n<\/blockquote>\n<p><iframe loading=\"lazy\" class=\"wp-embedded-content\" sandbox=\"allow-scripts\" security=\"restricted\" style=\"position: absolute; visibility: hidden;\" title=\"\u201cInternational civil committee set up to push for European wage union\u201d \u2014 DailyNewsHungary\" src=\"https:\/\/dailynewshungary.com\/de\/internationales-zivilkomitee-gegrundet-um-auf-die-europaische-lohnunion-zu-drangen\/embed\/#?secret=067g0iSDD5#?secret=dqFWEwcTdE\" data-secret=\"dqFWEwcTdE\" width=\"600\" height=\"338\" frameborder=\"0\" marginwidth=\"0\" marginheight=\"0\" scrolling=\"no\"><\/iframe><\/p>\n<p>Parteichef G\u00e1bor Vona werde den Wahlkampf am kommenden Dienstag in Budapest starten, bevor er 26-27 St\u00e4dte besuche und Vertreter von Gewerkschaften und anderen Vertretungsgremien treffe, sagte er.<\/p>\n","protected":false},"excerpt":{"rendered":"<p>Budapest, 21. M\u00e4rz (MTI) \u2013 Die ungarische Oppositionspartei Jobbik startet eine Kampagne, um ihr Streben nach Lohnausgleich in der gesamten Europ\u00e4ischen Union voranzutreiben, sagte M\u00e1rton Gy\u00f6ngy\u00f6si, Abgeordneter der Partei, am Dienstag auf einer Pressekonferenz. Das von Jobbik letzte Woche gebildete B\u00fcrgerkomitee habe seine Petition bereits an Alexander Italianer, Generalsekret\u00e4r der Europ\u00e4ischen Kommission, geschickt, bemerkte Gy\u00f6ngy\u00f6siDer [&hellip;]<\/p>\n","protected":false},"author":2,"featured_media":750311,"comment_status":"open","ping_status":"open","sticky":false,"template":"","format":"standard","meta":{"_acf_changed":false,"_display_image":"","footnotes":""},"categories":[1281],"tags":[1096,1082,1632,1104],"class_list":["post-750310","post","type-post","status-publish","format-standard","has-post-thumbnail","hentry","category-geschaft","tag-arbeitsmarkt","tag-europaische-union","tag-jobbik","tag-wirtschaft"],"blocksy_meta":[],"acf":[],"author_username":"alk","telegram_post":"","public_post_metadata":{"breaking_news":"","important":"","csempe":"","center_tile":"","disable_thumbnail":"","target_lang":"","_featured_image_style":"","telegram_post":"","_xlat_group_id":""},"public_rank_math_data":{"title":"%title% %sep% %sitename%","description":"","focus_keyword":"Lohngewerkschaft","canonical_url":"","robots":"","primary_category":"1281","breadcrumb_title":"","facebook_title":"","facebook_description":"","facebook_image":"","facebook_image_id":"","twitter_title":"","twitter_description":"","twitter_image":"","twitter_image_id":"","twitter_card_type":"","twitter_use_facebook":"","advanced_robots":"","pillar_content":"","seo_score":"44","contentai_score":"","rich_snippet":""},"_links":{"self":[{"href":"https:\/\/dailynewshungary.com\/de\/wp-json\/wp\/v2\/posts\/750310","targetHints":{"allow":["GET"]}}],"collection":[{"href":"https:\/\/dailynewshungary.com\/de\/wp-json\/wp\/v2\/posts"}],"about":[{"href":"https:\/\/dailynewshungary.com\/de\/wp-json\/wp\/v2\/types\/post"}],"author":[{"embeddable":true,"href":"https:\/\/dailynewshungary.com\/de\/wp-json\/wp\/v2\/users\/2"}],"replies":[{"embeddable":true,"href":"https:\/\/dailynewshungary.com\/de\/wp-json\/wp\/v2\/comments?post=750310"}],"version-history":[{"count":0,"href":"https:\/\/dailynewshungary.com\/de\/wp-json\/wp\/v2\/posts\/750310\/revisions"}],"wp:featuredmedia":[{"embeddable":true,"href":"https:\/\/dailynewshungary.com\/de\/wp-json\/wp\/v2\/media\/750311"}],"wp:attachment":[{"href":"https:\/\/dailynewshungary.com\/de\/wp-json\/wp\/v2\/media?parent=750310"}],"wp:term":[{"taxonomy":"category","embeddable":true,"href":"https:\/\/dailynewshungary.com\/de\/wp-json\/wp\/v2\/categories?post=750310"},{"taxonomy":"post_tag","embeddable":true,"href":"https:\/\/dailynewshungary.com\/de\/wp-json\/wp\/v2\/tags?post=750310"}],"curies":[{"name":"wp","href":"https:\/\/api.w.org\/{rel}","templated":true}]}}