{"id":750429,"date":"2017-03-17T17:30:28","date_gmt":"2017-03-17T16:30:28","guid":{"rendered":"https:\/\/dailynewshungary.com\/de\/europa-stehe-vor-einer-migranten-nicht-vor-einer-fluchtlingskrise-sagt-regierungssprecher-dem-zdf\/"},"modified":"2017-03-17T17:30:28","modified_gmt":"2017-03-17T16:30:28","slug":"europa-stehe-vor-einer-migranten-nicht-vor-einer-fluchtlingskrise-sagt-regierungssprecher-dem-zdf","status":"publish","type":"post","link":"https:\/\/dailynewshungary.com\/de\/europa-stehe-vor-einer-migranten-nicht-vor-einer-fluchtlingskrise-sagt-regierungssprecher-dem-zdf\/","title":{"rendered":"Europa stehe vor einer Migranten, nicht vor einer Fl\u00fcchtlingskrise, sagt Regierungssprecher dem ZDF"},"content":{"rendered":"<p><strong>Berlin, 17. M\u00e4rz (MTI) \u2013 Europa steht vor einer Fl\u00fcchtlingskrise, nicht vor einer Fl\u00fcchtlingskrise, sagte Regierungssprecher Zolt\u00e1n Kov\u00e1cs am Freitag dem ZDF des deutschen \u00f6ffentlich-rechtlichen Fernsehens.<\/strong><\/p>\n<p>Als Reaktion auf den Vorschlag im Programm, dass Ungarn einer der gr\u00f6\u00dften Nutznie\u00dfer von Transfers der Europ\u00e4ischen Union sei und dennoch keine Fl\u00fcchtlinge aufnehmen wolle, sagte Kov\u00e1cs, dass die beiden Angelegenheiten nicht in einen Topf geworfen werden sollten.<\/p>\n<p>Kov\u00e1cs sagte, dass allein im vergangenen Jahr insgesamt 1,2 Millionen Menschen in Europa angekommen seien, und f\u00fcgte hinzu, dass die meisten von ihnen nicht aus Syrien gekommen seien.<\/p>\n<p>Die ungarischen Beh\u00f6rden h\u00e4tten Migranten aus 104 L\u00e4ndern registriert, sagte Kov\u00e1cs und argumentierte, dass dies bedeute, dass Europa mit einer \u201eMassenmigration interkontinentalen Ausma\u00dfes\u201c konfrontiert sei. Ungarn habe nach den Schengen-Regeln die Pflicht, diejenigen, die nicht zur Einreise in den Schengen-Raum berechtigt sind, daran zu hindern, hierher zu kommen, sagte der SprecherDas Land habe daher an seiner Grenze zu Serbien die notwendigen Schritte unternommen, um der illegalen Migration ein Ende zu setzen, f\u00fcgte er hinzu.<\/p>\n<p>Kov\u00e1cs bestand darauf, dass Ungarns Ma\u00dfnahmen gegen illegale Migration \u201cnichts mit\u201d dem Erhalt von EU-Strukturfonds zu tun h\u00e4tten, zitierte den EU-Kommissar f\u00fcr digitale Wirtschaft und Gesellschaft Gunther Oettinger und f\u00fcgte hinzu, dass auch Nettozahler, darunter Deutschland, von EU-Mitteln profitieren.<\/p>\n<p>Auf die Frage, ob Ungarn gegen europ\u00e4ische und internationale Asylvorschriften versto\u00dfe, sagte Kov\u00e1cs, dies sei \u00fcberhaupt nicht der Fall. Er f\u00fcgte hinzu, dass die freie Wahl des Landes, in dem Asyl beantragt werden soll, kein grundlegendes Menschenrecht sei.<\/p>\n<p>Die Mehrheit der in Europa Ankommenden erhalte nicht einmal den Fl\u00fcchtlingsstatus, sagte erDas wirft die Frage auf, ob die Aufnahme Hunderttausender Menschen, nur um sie sp\u00e4ter wieder zur\u00fcckzuschicken, weil sie keinen Anspruch auf Asyl haben, eine humane Ma\u00dfnahme ist, und wenn es stattdessen besser w\u00e4re, sie au\u00dferhalb der EU-Grenze zu stoppen und zu bestimmen, wer von ihnen den Fl\u00fcchtlingsstatus erhalten kannf\u00fcgte Kovacs hinzu.<\/p>\n<p>Linke Politiker hingegen \u201claden Menschen aus aller Welt ein\u201d und ermutigen sie, durch illegales \u00dcberschreiten der Grenzen gegen das V\u00f6lkerrecht zu versto\u00dfen, sagte Kov\u00e1cs.<\/p>\n<p>Ungarns Regierung hingegen sei der Ansicht, dass die Status der \u201cHunderttausenden und Millionen\u201d Menschen, die nach Europa einreisen wollen, au\u00dferhalb des EU-Territoriums festgelegt werden sollten, f\u00fcgte er hinzu.<\/p>\n<p>Kov\u00e1cs kommentierte die Behauptung, Ungarn sei das erste europ\u00e4ische Land, das einen Zaun entlang seiner Grenze errichtet habe, und sagte, Spanien habe vor langer Zeit Z\u00e4une an den Grenzen seiner nordafrikanischen Gebiete errichtet und die Franzosen h\u00e4tten in Calais auch eine Grenze errichtet, um den Eingang zu blockieren des Kanaltunnels.<\/p>\n<p>Der Regierungssprecher sagte auch, dass die \u00d6ffnung der Grenzen f\u00fcr Migranten nicht der Weg sei, die demografischen Probleme Europas zu l\u00f6sen.<\/p>\n<p>Er sagte, Ungarn biete den Anspruchsberechtigten auf politisches Asyl Schutz, f\u00fcgte jedoch hinzu, dass es nur sehr wenige solcher Asylbewerber gebe.<\/p>\n<p><em>Foto: MTI<\/em><\/p>\n","protected":false},"excerpt":{"rendered":"<p>Berlin, 17. M\u00e4rz (MTI) \u2013 Europa steht vor einer Fl\u00fcchtlingskrise, nicht vor einer Fl\u00fcchtlingskrise, sagte Regierungssprecher Zolt\u00e1n Kov\u00e1cs am Freitag dem ZDF des deutschen \u00f6ffentlich-rechtlichen Fernsehens. Als Reaktion auf den Vorschlag im Programm, dass Ungarn einer der gr\u00f6\u00dften Nutznie\u00dfer von Transfers der Europ\u00e4ischen Union sei und dennoch keine Fl\u00fcchtlinge aufnehmen wolle, sagte Kov\u00e1cs, dass die [&hellip;]<\/p>\n","protected":false},"author":2,"featured_media":750430,"comment_status":"open","ping_status":"open","sticky":false,"template":"","format":"standard","meta":{"_acf_changed":false,"_display_image":"","footnotes":""},"categories":[1081],"tags":[1177,1082,1445],"class_list":["post-750429","post","type-post","status-publish","format-standard","has-post-thumbnail","hentry","category-politik","tag-deutschland","tag-europaische-union","tag-migration"],"blocksy_meta":[],"acf":[],"author_username":"alk","telegram_post":"","public_post_metadata":{"breaking_news":"","important":"","csempe":"","center_tile":"","disable_thumbnail":"","target_lang":"","_featured_image_style":"","telegram_post":"","_xlat_group_id":""},"public_rank_math_data":{"title":"%title% %sep% %sitename%","description":"","focus_keyword":"Migration","canonical_url":"","robots":"","primary_category":"1081","breadcrumb_title":"","facebook_title":"","facebook_description":"","facebook_image":"","facebook_image_id":"","twitter_title":"","twitter_description":"","twitter_image":"","twitter_image_id":"","twitter_card_type":"","twitter_use_facebook":"","advanced_robots":"","pillar_content":"","seo_score":"8","contentai_score":"","rich_snippet":""},"_links":{"self":[{"href":"https:\/\/dailynewshungary.com\/de\/wp-json\/wp\/v2\/posts\/750429","targetHints":{"allow":["GET"]}}],"collection":[{"href":"https:\/\/dailynewshungary.com\/de\/wp-json\/wp\/v2\/posts"}],"about":[{"href":"https:\/\/dailynewshungary.com\/de\/wp-json\/wp\/v2\/types\/post"}],"author":[{"embeddable":true,"href":"https:\/\/dailynewshungary.com\/de\/wp-json\/wp\/v2\/users\/2"}],"replies":[{"embeddable":true,"href":"https:\/\/dailynewshungary.com\/de\/wp-json\/wp\/v2\/comments?post=750429"}],"version-history":[{"count":0,"href":"https:\/\/dailynewshungary.com\/de\/wp-json\/wp\/v2\/posts\/750429\/revisions"}],"wp:featuredmedia":[{"embeddable":true,"href":"https:\/\/dailynewshungary.com\/de\/wp-json\/wp\/v2\/media\/750430"}],"wp:attachment":[{"href":"https:\/\/dailynewshungary.com\/de\/wp-json\/wp\/v2\/media?parent=750429"}],"wp:term":[{"taxonomy":"category","embeddable":true,"href":"https:\/\/dailynewshungary.com\/de\/wp-json\/wp\/v2\/categories?post=750429"},{"taxonomy":"post_tag","embeddable":true,"href":"https:\/\/dailynewshungary.com\/de\/wp-json\/wp\/v2\/tags?post=750429"}],"curies":[{"name":"wp","href":"https:\/\/api.w.org\/{rel}","templated":true}]}}