{"id":750463,"date":"2017-03-16T15:20:38","date_gmt":"2017-03-16T14:20:38","guid":{"rendered":"https:\/\/dailynewshungary.com\/de\/ungarischer-ausenminister-kritisiert-eu-fur-gescheiterte-migrationspolitik\/"},"modified":"2017-03-16T15:20:38","modified_gmt":"2017-03-16T14:20:38","slug":"ungarischer-ausenminister-kritisiert-eu-fur-gescheiterte-migrationspolitik","status":"publish","type":"post","link":"https:\/\/dailynewshungary.com\/de\/ungarischer-ausenminister-kritisiert-eu-fur-gescheiterte-migrationspolitik\/","title":{"rendered":"Ungarischer Au\u00dfenminister kritisiert EU f\u00fcr \u2018gescheiterte\u2019 Migrationspolitik"},"content":{"rendered":"<p><strong>Budapest, 16. M\u00e4rz (MTI) \u201cDie Migrationspolitik der Europ\u00e4ischen Union \u201cauf der Grundlage einer Teill\u00f6sung\u201d ist gescheitert, sagte Au\u00dfenminister P\u00e9ter Szijj\u00e1rt\u00f3 am Donnerstag auf einer Pressekonferenz, in der es um die m\u00f6gliche Beendigung des Abkommens der T\u00fcrkei mit der Gemeinschaft ging.<\/strong><\/p>\n<p>Szijj\u00e1rt\u00f3 sagte, dass es eine \u201cun\u00fcberlegte und vergebliche\u201d Politik sei, die Sicherheit Europas von einem solchen Abkommen abh\u00e4ngig zu machen, w\u00e4hrend \u201cdie T\u00fcrkei kritisiert und nichts unternommen wird, um den Grenzschutz zu verst\u00e4rken\u201d. Er bestand darauf, dass \u201cvon Anfang an klar gewesen sei, dass das EU-T\u00fcrkei-Abkommen das Problem der Masseneinwanderung auf lange Sicht nicht bew\u00e4ltigen k\u00f6nne\u201d Er schlug au\u00dferdem vor, dass \u201cwenn einmal mehr t\u00e4glich Tausende von Migranten an den Grenzen ankommen w\u00fcrden, die EU genauso hilflos w\u00e4re wie vor einigen Monaten oder Jahren\u201d.<\/p>\n<p>Der Minister sagte, die richtige Haltung sei die Verst\u00e4rkung des \u201clegalen und physischen Grenzsiegels\u201d und wies auf die Bedeutung der neuen Regeln Ungarns hin, nach denen illegale Einreisende festgehalten werden k\u00f6nnten, angesichts der \u201cfragilen Natur der Migrationspolitik der EU\u201d.<\/p>\n<p>Auf eine Frage zu einem aktuellen Streit zwischen den Niederlanden und der T\u00fcrkei antwortete Szijj\u00e1rt\u00f3, es sei \u201cbeklagenswert\u201d, dass NATO-Verb\u00fcndete einen \u201cKonflikt um eine solche Frage\u201d haben sollten. Er f\u00fcgte hinzu, dass die Spannung die sicherheitspolitische Zusammenarbeit beeintr\u00e4chtigen k\u00f6nnte.<\/p>\n<p>Szijj\u00e1rt\u00f3 kommentierte die j\u00fcngsten Parlamentswahlen in den Niederlanden, gratulierte der siegreichen Regierungspartei und begr\u00fc\u00dfte das Ergebnis der Christdemokraten.<\/p>\n<p><em>Foto: MTI<\/em><\/p>\n","protected":false},"excerpt":{"rendered":"<p>Budapest, 16. M\u00e4rz (MTI) \u201cDie Migrationspolitik der Europ\u00e4ischen Union \u201cauf der Grundlage einer Teill\u00f6sung\u201d ist gescheitert, sagte Au\u00dfenminister P\u00e9ter Szijj\u00e1rt\u00f3 am Donnerstag auf einer Pressekonferenz, in der es um die m\u00f6gliche Beendigung des Abkommens der T\u00fcrkei mit der Gemeinschaft ging. Szijj\u00e1rt\u00f3 sagte, dass es eine \u201cun\u00fcberlegte und vergebliche\u201d Politik sei, die Sicherheit Europas von einem [&hellip;]<\/p>\n","protected":false},"author":2,"featured_media":750464,"comment_status":"open","ping_status":"open","sticky":false,"template":"","format":"standard","meta":{"_acf_changed":false,"_display_image":"","footnotes":""},"categories":[1081],"tags":[1470,1082,1445,1200],"class_list":["post-750463","post","type-post","status-publish","format-standard","has-post-thumbnail","hentry","category-politik","tag-ausenministerium-fur-ungarn","tag-europaische-union","tag-migration","tag-turkei"],"blocksy_meta":[],"acf":[],"author_username":"alk","telegram_post":"","public_post_metadata":{"breaking_news":"","important":"","csempe":"","center_tile":"","disable_thumbnail":"","target_lang":"","_featured_image_style":"","telegram_post":"","_xlat_group_id":""},"public_rank_math_data":{"title":"%title% %sep% %sitename%","description":"","focus_keyword":"Migration","canonical_url":"","robots":"","primary_category":"1081","breadcrumb_title":"","facebook_title":"","facebook_description":"","facebook_image":"","facebook_image_id":"","twitter_title":"","twitter_description":"","twitter_image":"","twitter_image_id":"","twitter_card_type":"","twitter_use_facebook":"","advanced_robots":"","pillar_content":"","seo_score":"52","contentai_score":"","rich_snippet":""},"_links":{"self":[{"href":"https:\/\/dailynewshungary.com\/de\/wp-json\/wp\/v2\/posts\/750463","targetHints":{"allow":["GET"]}}],"collection":[{"href":"https:\/\/dailynewshungary.com\/de\/wp-json\/wp\/v2\/posts"}],"about":[{"href":"https:\/\/dailynewshungary.com\/de\/wp-json\/wp\/v2\/types\/post"}],"author":[{"embeddable":true,"href":"https:\/\/dailynewshungary.com\/de\/wp-json\/wp\/v2\/users\/2"}],"replies":[{"embeddable":true,"href":"https:\/\/dailynewshungary.com\/de\/wp-json\/wp\/v2\/comments?post=750463"}],"version-history":[{"count":0,"href":"https:\/\/dailynewshungary.com\/de\/wp-json\/wp\/v2\/posts\/750463\/revisions"}],"wp:featuredmedia":[{"embeddable":true,"href":"https:\/\/dailynewshungary.com\/de\/wp-json\/wp\/v2\/media\/750464"}],"wp:attachment":[{"href":"https:\/\/dailynewshungary.com\/de\/wp-json\/wp\/v2\/media?parent=750463"}],"wp:term":[{"taxonomy":"category","embeddable":true,"href":"https:\/\/dailynewshungary.com\/de\/wp-json\/wp\/v2\/categories?post=750463"},{"taxonomy":"post_tag","embeddable":true,"href":"https:\/\/dailynewshungary.com\/de\/wp-json\/wp\/v2\/tags?post=750463"}],"curies":[{"name":"wp","href":"https:\/\/api.w.org\/{rel}","templated":true}]}}