{"id":750501,"date":"2017-03-15T12:45:03","date_gmt":"2017-03-15T11:45:03","guid":{"rendered":"https:\/\/dailynewshungary.com\/de\/15-marz-opposition-egyutt-fordert-gemeinsame-anstrengungen-zum-schutz-der-freiheit\/"},"modified":"2017-03-15T12:45:03","modified_gmt":"2017-03-15T11:45:03","slug":"15-marz-opposition-egyutt-fordert-gemeinsame-anstrengungen-zum-schutz-der-freiheit","status":"publish","type":"post","link":"https:\/\/dailynewshungary.com\/de\/15-marz-opposition-egyutt-fordert-gemeinsame-anstrengungen-zum-schutz-der-freiheit\/","title":{"rendered":"15. M\u00e4rz \u2013 Opposition Egy\u00fctt fordert gemeinsame Anstrengungen zum Schutz der Freiheit"},"content":{"rendered":"<p><strong>Budapest, 15. M\u00e4rz (MTI) \u2013 Der stellvertretende Vorsitzende der oppositionellen Egy\u00fctt-Partei rief am Mittwoch zum gemeinsamen Bem\u00fchen um den Schutz der Freiheit und zur Gegenwehr gegen einen \u201cengen und b\u00f6sen Kreis\u201d beim Gedenken der Partei an die Revolution von 1848-49 und den Freiheitskampf auf.<\/strong><\/p>\n<p>Bal\u00e1zs Berkecz sagte an der Statue des revolution\u00e4ren Dichters S\u00e1ndor Pet.fi auf dem zentralen Platz des 15. M\u00e4rz in Budapest, die Revolution sei eine mutige Entscheidung eines mutigen Volkes gewesen, das sich allem widersetzte, was die Weltordnung und die arroganten Machthaber der damaligen Zeit als akzeptabel betrachteten.<\/p>\n<p>Die tapferen Helden der Revolution von 1848 haben uns gelehrt, dass Freiheit nicht kostenlos unsere sein kann, ohne daf\u00fcr k\u00e4mpfen zu m\u00fcssen, sagte er.<\/p>\n<p>Heute \u201chat uns ein enger und b\u00f6ser Kreis die Freiheit genommen und unsere Zukunft mit seiner unkontrollierten Gier in Gefahr gebracht, wodurch unser Land auf die Ebene der Diktaturen demoralisiert wurde\u201d, sagte Berkecz \u201cWir m\u00fcssen diesen Mafiastaat bek\u00e4mpfen, der Tag f\u00fcr Tag die Wahrheit mit F\u00fc\u00dfen tritt\u201d, f\u00fcgte er hinzu.<\/p>\n<figure id=\"attachment_108939\" aria-describedby=\"caption-attachment-108939\" style=\"width: 1024px\" class=\"wp-caption aligncenter\"><a href=\"https:\/\/contentf5.dailynewshungary.com\/wp-content\/uploads\/2017\/03\/DBZOL20170315009.jpg\" data-pswp-width=\"5456\" data-pswp-height=\"3638\" data-cropped=\"true\"><img loading=\"lazy\" decoding=\"async\" class=\"size-large wp-image-108939\" src=\"https:\/\/dailynewshungary.com\/wp-content\/uploads\/2017\/03\/DBZOL20170315009-1024x683.jpg\" alt=\"DBZOL X\" width=\"1024\" height=\"683\" srcset=\"https:\/\/contentf5.dailynewshungary.com\/wp-content\/uploads\/2017\/03\/DBZOL20170315009-1024x683.jpg 1024w, https:\/\/contentf5.dailynewshungary.com\/wp-content\/uploads\/2017\/03\/DBZOL20170315009-300x200.jpg 300w, https:\/\/contentf5.dailynewshungary.com\/wp-content\/uploads\/2017\/03\/DBZOL20170315009-768x512.jpg 768w, https:\/\/contentf5.dailynewshungary.com\/wp-content\/uploads\/2017\/03\/DBZOL20170315009-220x147.jpg 220w, https:\/\/contentf5.dailynewshungary.com\/wp-content\/uploads\/2017\/03\/DBZOL20170315009-610x407.jpg 610w, https:\/\/contentf5.dailynewshungary.com\/wp-content\/uploads\/2017\/03\/DBZOL20170315009-1080x720.jpg 1080w\" sizes=\"auto, (max-width: 1024px) 100vw, 1024px\"><\/a><figcaption id=\"caption-attachment-108939\" class=\"wp-caption-text\">Foto: MTI<\/figcaption><\/figure>\n<p><em>Foto: MTI<\/em><\/p>\n","protected":false},"excerpt":{"rendered":"<p>Budapest, 15. M\u00e4rz (MTI) \u2013 Der stellvertretende Vorsitzende der oppositionellen Egy\u00fctt-Partei rief am Mittwoch zum gemeinsamen Bem\u00fchen um den Schutz der Freiheit und zur Gegenwehr gegen einen \u201cengen und b\u00f6sen Kreis\u201d beim Gedenken der Partei an die Revolution von 1848-49 und den Freiheitskampf auf. Bal\u00e1zs Berkecz sagte an der Statue des revolution\u00e4ren Dichters S\u00e1ndor Pet.fi [&hellip;]<\/p>\n","protected":false},"author":2,"featured_media":750502,"comment_status":"open","ping_status":"open","sticky":false,"template":"","format":"standard","meta":{"_acf_changed":false,"_display_image":"","footnotes":""},"categories":[1081],"tags":[4015,1144,1598],"class_list":["post-750501","post","type-post","status-publish","format-standard","has-post-thumbnail","hentry","category-politik","tag-egyutt","tag-gedenken","tag-nationalfeiertag"],"blocksy_meta":[],"acf":[],"author_username":"alk","telegram_post":"","public_post_metadata":{"breaking_news":"","important":"","csempe":"","center_tile":"","disable_thumbnail":"","target_lang":"","_featured_image_style":"","telegram_post":"","_xlat_group_id":""},"public_rank_math_data":{"title":"%title% %sep% %sitename%","description":"","focus_keyword":"Egy\u00fctt","canonical_url":"","robots":"","primary_category":"1081","breadcrumb_title":"","facebook_title":"","facebook_description":"","facebook_image":"","facebook_image_id":"","twitter_title":"","twitter_description":"","twitter_image":"","twitter_image_id":"","twitter_card_type":"","twitter_use_facebook":"","advanced_robots":"","pillar_content":"","seo_score":"61","contentai_score":"","rich_snippet":""},"_links":{"self":[{"href":"https:\/\/dailynewshungary.com\/de\/wp-json\/wp\/v2\/posts\/750501","targetHints":{"allow":["GET"]}}],"collection":[{"href":"https:\/\/dailynewshungary.com\/de\/wp-json\/wp\/v2\/posts"}],"about":[{"href":"https:\/\/dailynewshungary.com\/de\/wp-json\/wp\/v2\/types\/post"}],"author":[{"embeddable":true,"href":"https:\/\/dailynewshungary.com\/de\/wp-json\/wp\/v2\/users\/2"}],"replies":[{"embeddable":true,"href":"https:\/\/dailynewshungary.com\/de\/wp-json\/wp\/v2\/comments?post=750501"}],"version-history":[{"count":0,"href":"https:\/\/dailynewshungary.com\/de\/wp-json\/wp\/v2\/posts\/750501\/revisions"}],"wp:featuredmedia":[{"embeddable":true,"href":"https:\/\/dailynewshungary.com\/de\/wp-json\/wp\/v2\/media\/750502"}],"wp:attachment":[{"href":"https:\/\/dailynewshungary.com\/de\/wp-json\/wp\/v2\/media?parent=750501"}],"wp:term":[{"taxonomy":"category","embeddable":true,"href":"https:\/\/dailynewshungary.com\/de\/wp-json\/wp\/v2\/categories?post=750501"},{"taxonomy":"post_tag","embeddable":true,"href":"https:\/\/dailynewshungary.com\/de\/wp-json\/wp\/v2\/tags?post=750501"}],"curies":[{"name":"wp","href":"https:\/\/api.w.org\/{rel}","templated":true}]}}