{"id":750509,"date":"2017-03-14T23:44:41","date_gmt":"2017-03-14T22:44:41","guid":{"rendered":"https:\/\/dailynewshungary.com\/de\/ungarischer-ausenminister-weist-europaische-kritik-an-der-ungarischen-migrantenpolitik-zuruck\/"},"modified":"2017-03-14T23:44:41","modified_gmt":"2017-03-14T22:44:41","slug":"ungarischer-ausenminister-weist-europaische-kritik-an-der-ungarischen-migrantenpolitik-zuruck","status":"publish","type":"post","link":"https:\/\/dailynewshungary.com\/de\/ungarischer-ausenminister-weist-europaische-kritik-an-der-ungarischen-migrantenpolitik-zuruck\/","title":{"rendered":"Ungarischer Au\u00dfenminister weist europ\u00e4ische Kritik an der ungarischen Migrantenpolitik zur\u00fcck"},"content":{"rendered":"<p><strong>Budapest, 14. M\u00e4rz (MTI) \u201eAu\u00dfenminister P\u00e9ter Szijj\u00e1rt\u00f3 lehnte am Dienstag die j\u00fcngsten kritischen \u00c4u\u00dferungen des Menschenrechtsbeauftragten der Europ\u00e4ischen Union ab und bestand darauf, dass Ungarn die internationalen Regeln durchsetzt und nicht verletzt, indem es \u201enur denjenigen erlaubt, einzureisen, die sich daran halten.\u201cdas Gesetz\u201d.<\/strong><\/p>\n<p>In einem Interview mit dem lettischen Privatsender TV24 hatte Kommissar Nils Muiznieks erkl\u00e4rt, dass nach den neuen ungarischen Migrantenvorschriften alle illegalen Einreisenden, einschlie\u00dflich Frauen und Kinder, automatisch inhaftiert w\u00fcrden, was gegen europ\u00e4ische Menschenrechtskonventionen versto\u00dfe und auch ein \u201eschlechtes Beispiel\u201d f\u00fcr die EU darstellen w\u00fcrde ganze Region.<\/p>\n<p>In seinem Interview erinnerte sich Muiznieks auch an einen Besuch in Ungarn vor 18 Monaten, als er sagte, er habe Asylsuchende aneinandergekettet und \u201eals die schlimmsten Kriminellen\u201cbehandelt gesehen\u201d.<\/p>\n<p>Als Antwort sagte Szijj\u00e1rt\u00f3, dass Muiznieks \u201eUngarn nicht mag\u201cund \u201eseit Jahren falsche Behauptungen\u201d \u00fcber das Land aufstellt. \u201eEr steht auf die Menschenrechte aller, aber er interessiert sich nicht f\u00fcr das Recht der Ungarn auf Sicherheit\u201d, f\u00fcgte er hinzu.<\/p>\n<p><em>Foto: MTI<\/em><\/p>\n","protected":false},"excerpt":{"rendered":"<p>Budapest, 14. M\u00e4rz (MTI) \u201eAu\u00dfenminister P\u00e9ter Szijj\u00e1rt\u00f3 lehnte am Dienstag die j\u00fcngsten kritischen \u00c4u\u00dferungen des Menschenrechtsbeauftragten der Europ\u00e4ischen Union ab und bestand darauf, dass Ungarn die internationalen Regeln durchsetzt und nicht verletzt, indem es \u201enur denjenigen erlaubt, einzureisen, die sich daran halten.\u201cdas Gesetz\u201d. In einem Interview mit dem lettischen Privatsender TV24 hatte Kommissar Nils Muiznieks [&hellip;]<\/p>\n","protected":false},"author":2,"featured_media":750510,"comment_status":"open","ping_status":"open","sticky":false,"template":"","format":"standard","meta":{"_acf_changed":false,"_display_image":"","footnotes":""},"categories":[1081],"tags":[1470,1082,1445,1267],"class_list":["post-750509","post","type-post","status-publish","format-standard","has-post-thumbnail","hentry","category-politik","tag-ausenministerium-fur-ungarn","tag-europaische-union","tag-migration","tag-rechte"],"blocksy_meta":[],"acf":[],"author_username":"alk","telegram_post":"","public_post_metadata":{"breaking_news":"","important":"","csempe":"","center_tile":"","disable_thumbnail":"","target_lang":"","_featured_image_style":"","telegram_post":"","_xlat_group_id":""},"public_rank_math_data":{"title":"%title% %sep% %sitename%","description":"","focus_keyword":"Migranten","canonical_url":"","robots":"","primary_category":"1081","breadcrumb_title":"","facebook_title":"","facebook_description":"","facebook_image":"","facebook_image_id":"","twitter_title":"","twitter_description":"","twitter_image":"","twitter_image_id":"","twitter_card_type":"","twitter_use_facebook":"","advanced_robots":"","pillar_content":"","seo_score":"49","contentai_score":"","rich_snippet":""},"_links":{"self":[{"href":"https:\/\/dailynewshungary.com\/de\/wp-json\/wp\/v2\/posts\/750509","targetHints":{"allow":["GET"]}}],"collection":[{"href":"https:\/\/dailynewshungary.com\/de\/wp-json\/wp\/v2\/posts"}],"about":[{"href":"https:\/\/dailynewshungary.com\/de\/wp-json\/wp\/v2\/types\/post"}],"author":[{"embeddable":true,"href":"https:\/\/dailynewshungary.com\/de\/wp-json\/wp\/v2\/users\/2"}],"replies":[{"embeddable":true,"href":"https:\/\/dailynewshungary.com\/de\/wp-json\/wp\/v2\/comments?post=750509"}],"version-history":[{"count":0,"href":"https:\/\/dailynewshungary.com\/de\/wp-json\/wp\/v2\/posts\/750509\/revisions"}],"wp:featuredmedia":[{"embeddable":true,"href":"https:\/\/dailynewshungary.com\/de\/wp-json\/wp\/v2\/media\/750510"}],"wp:attachment":[{"href":"https:\/\/dailynewshungary.com\/de\/wp-json\/wp\/v2\/media?parent=750509"}],"wp:term":[{"taxonomy":"category","embeddable":true,"href":"https:\/\/dailynewshungary.com\/de\/wp-json\/wp\/v2\/categories?post=750509"},{"taxonomy":"post_tag","embeddable":true,"href":"https:\/\/dailynewshungary.com\/de\/wp-json\/wp\/v2\/tags?post=750509"}],"curies":[{"name":"wp","href":"https:\/\/api.w.org\/{rel}","templated":true}]}}