{"id":750574,"date":"2017-03-12T16:00:31","date_gmt":"2017-03-12T15:00:31","guid":{"rendered":"https:\/\/dailynewshungary.com\/de\/regierung-politische-angriffe-fuhrten-zu-einer-verscharfung-der-legalen-grenzschliesung\/"},"modified":"2017-03-12T16:00:31","modified_gmt":"2017-03-12T15:00:31","slug":"regierung-politische-angriffe-fuhrten-zu-einer-verscharfung-der-legalen-grenzschliesung","status":"publish","type":"post","link":"https:\/\/dailynewshungary.com\/de\/regierung-politische-angriffe-fuhrten-zu-einer-verscharfung-der-legalen-grenzschliesung\/","title":{"rendered":"Regierung: Politische Angriffe f\u00fchrten zu einer Versch\u00e4rfung der legalen Grenzschlie\u00dfung"},"content":{"rendered":"<p><strong>Der Regierungssprecher vertritt die Auffassung, dass politische Angriffe auf das Gesetz zur Versch\u00e4rfung der gesetzlichen Grenzschlie\u00dfung gerichtet werden.<\/strong><\/p>\n<p>Zolt\u00e1n Kov\u00e1cs sagte in der Sendung 180 Minuten von Kossuth R\u00e1di\u00f3, dass sich die \u201cChoreografie\u201d, die wir in den letzten Jahren so oft im Kontext der Migration gesehen haben, noch einmal wiederhole: \u201eSogenannte Menschenrechtsorganisationen\u201d, die aus dem Ausland finanziert werden.\u201cunbegr\u00fcndete Kritik an der ungarischen Regierung \u00e4u\u00dfern, und Br\u00fcsseler B\u00fcrokraten sowie die linken und liberalen Parteien in Br\u00fcssel geben die \u201eangemessene Antwort\u201d auf diese Kritik.<\/p>\n<p>Der Regierungssprecher sagte, dass sie beweisen w\u00fcrden, dass die Gesetzgebung vollst\u00e4ndig mit den aktuellen Vorschriften der Europ\u00e4ischen Union (EU) im Einklang stehe.<\/p>\n<p>Herr Kov\u00e1cs ist der Meinung: Das Leben \u201chat in den letzten Jahren gezeigt\u201d, dass Migranten die M\u00f6glichkeit, politisches Asyl zu beantragen, \u201cselbstverst\u00e4ndlich\u201d missbrauchen, die sie nutzen, um innerhalb der Schengen-Grenzen zu verschwinden\u201d Er hob hervor: Wir m\u00fcssen zu allen m\u00f6glichen Mitteln greifen, um sicherzustellen, dass illegale Einwanderer nicht in das Hoheitsgebiet der EU einreisen d\u00fcrfen.<\/p>\n<p>Der Regierungssprecher sprach auch \u00fcber das Paks-II-Projekt und wies darauf hin: Das Projekt sei der Schl\u00fcssel zu billigem Strom f\u00fcr die n\u00e4chsten f\u00fcnfzig bis sechzig Jahre.<\/p>\n<p><em>Foto: MTI<\/em><\/p>\n","protected":false},"excerpt":{"rendered":"<p>Der Regierungssprecher vertritt die Auffassung, dass politische Angriffe auf das Gesetz zur Versch\u00e4rfung der gesetzlichen Grenzschlie\u00dfung gerichtet werden. Zolt\u00e1n Kov\u00e1cs sagte in der Sendung 180 Minuten von Kossuth R\u00e1di\u00f3, dass sich die \u201cChoreografie\u201d, die wir in den letzten Jahren so oft im Kontext der Migration gesehen haben, noch einmal wiederhole: \u201eSogenannte Menschenrechtsorganisationen\u201d, die aus dem [&hellip;]<\/p>\n","protected":false},"author":2,"featured_media":750575,"comment_status":"open","ping_status":"open","sticky":false,"template":"","format":"standard","meta":{"_acf_changed":false,"_display_image":"","footnotes":""},"categories":[1081],"tags":[1082,1299],"class_list":["post-750574","post","type-post","status-publish","format-standard","has-post-thumbnail","hentry","category-politik","tag-europaische-union","tag-schengen"],"blocksy_meta":[],"acf":[],"author_username":"alk","telegram_post":"","public_post_metadata":{"breaking_news":"","important":"","csempe":"","center_tile":"","disable_thumbnail":"","target_lang":"","_featured_image_style":"","telegram_post":"","_xlat_group_id":""},"public_rank_math_data":{"title":"%title% %sep% %sitename%","description":"","focus_keyword":"Grenze","canonical_url":"","robots":"","primary_category":"1081","breadcrumb_title":"","facebook_title":"","facebook_description":"","facebook_image":"","facebook_image_id":"","twitter_title":"","twitter_description":"","twitter_image":"","twitter_image_id":"","twitter_card_type":"","twitter_use_facebook":"","advanced_robots":"","pillar_content":"","seo_score":"","contentai_score":"","rich_snippet":""},"_links":{"self":[{"href":"https:\/\/dailynewshungary.com\/de\/wp-json\/wp\/v2\/posts\/750574","targetHints":{"allow":["GET"]}}],"collection":[{"href":"https:\/\/dailynewshungary.com\/de\/wp-json\/wp\/v2\/posts"}],"about":[{"href":"https:\/\/dailynewshungary.com\/de\/wp-json\/wp\/v2\/types\/post"}],"author":[{"embeddable":true,"href":"https:\/\/dailynewshungary.com\/de\/wp-json\/wp\/v2\/users\/2"}],"replies":[{"embeddable":true,"href":"https:\/\/dailynewshungary.com\/de\/wp-json\/wp\/v2\/comments?post=750574"}],"version-history":[{"count":0,"href":"https:\/\/dailynewshungary.com\/de\/wp-json\/wp\/v2\/posts\/750574\/revisions"}],"wp:featuredmedia":[{"embeddable":true,"href":"https:\/\/dailynewshungary.com\/de\/wp-json\/wp\/v2\/media\/750575"}],"wp:attachment":[{"href":"https:\/\/dailynewshungary.com\/de\/wp-json\/wp\/v2\/media?parent=750574"}],"wp:term":[{"taxonomy":"category","embeddable":true,"href":"https:\/\/dailynewshungary.com\/de\/wp-json\/wp\/v2\/categories?post=750574"},{"taxonomy":"post_tag","embeddable":true,"href":"https:\/\/dailynewshungary.com\/de\/wp-json\/wp\/v2\/tags?post=750574"}],"curies":[{"name":"wp","href":"https:\/\/api.w.org\/{rel}","templated":true}]}}