{"id":750607,"date":"2017-03-10T21:30:02","date_gmt":"2017-03-10T20:30:02","guid":{"rendered":"https:\/\/dailynewshungary.com\/de\/jobbik-treibt-die-europaische-initiative-zur-lohngleichsetzung-voran\/"},"modified":"2017-03-10T21:30:02","modified_gmt":"2017-03-10T20:30:02","slug":"jobbik-treibt-die-europaische-initiative-zur-lohngleichsetzung-voran","status":"publish","type":"post","link":"https:\/\/dailynewshungary.com\/de\/jobbik-treibt-die-europaische-initiative-zur-lohngleichsetzung-voran\/","title":{"rendered":"Jobbik treibt die europ\u00e4ische Initiative zur Lohngleichsetzung voran"},"content":{"rendered":"<p><strong>Budapest, 10. M\u00e4rz (MTI) \u2013 Am kommenden Dienstag wird in Budapest ein internationales Zivilkomitee eingesetzt, um der Europ\u00e4ischen Kommission das Konzept der Lohnnivellierung in Europa vorzulegen, sagte der Vorsitzende der oppositionellen Jobbik-Partei, der Hauptbef\u00fcrworter des Konzepts, am Freitag.<\/strong><\/p>\n<p>Der Schritt erfordert Unterst\u00fctzung von mindestens sieben EU-Mitgliedstaaten, sollte die EG gr\u00fcnes Licht f\u00fcr die Initiative geben, m\u00fcssen innerhalb eines Jahres eine Million Unterschriften gesammelt werden, die daf\u00fcr sprechen, dass die EU das Thema \u201cgleicher Lohn f\u00fcr gleiche Arbeit\u201d auf ihre Tagesordnung setzt, sagte G\u00e1bor Vona auf einer Pressekonferenz.<\/p>\n<p>Jobbik habe bereits Verb\u00fcndete f\u00fcr seine Initiative in Mittel &#8211; und Osteuropa gefunden, sagte Vona und f\u00fcgte hinzu, dass Gesetzgeber und Gewerkschaftsvertreter aus sieben Nationen am 14. M\u00e4rz an einer Konferenz in Budapest teilnehmen w\u00fcrden. Teilnehmer w\u00fcrden aus Bulgarien, Kroatien, Estland, Ungarn, Lettland, Polen, Rum\u00e4nien und der Slowakei eintreffen, sagte er.<\/p>\n<p>Vona nannte es eine \u201cSchande\u201d, dass keiner der ungarischen Ministerpr\u00e4sidenten bis jetzt jemals f\u00fcr die Schlie\u00dfung des Lohngef\u00e4lles in Europa geworben habe.<\/p>\n<p>Die Wirtschaftspolitik [der Regierungen] sei bisher auf billigen Arbeitskr\u00e4ften aufgebaut, sagte Vona und f\u00fcgte hinzu, dass Jobbik stattdessen \u201eeine neue Solidarit\u00e4t\u201cfordere.<\/p>\n<p><em>Foto: MTI<\/em><\/p>\n","protected":false},"excerpt":{"rendered":"<p>Budapest, 10. M\u00e4rz (MTI) \u2013 Am kommenden Dienstag wird in Budapest ein internationales Zivilkomitee eingesetzt, um der Europ\u00e4ischen Kommission das Konzept der Lohnnivellierung in Europa vorzulegen, sagte der Vorsitzende der oppositionellen Jobbik-Partei, der Hauptbef\u00fcrworter des Konzepts, am Freitag. Der Schritt erfordert Unterst\u00fctzung von mindestens sieben EU-Mitgliedstaaten, sollte die EG gr\u00fcnes Licht f\u00fcr die Initiative geben, [&hellip;]<\/p>\n","protected":false},"author":2,"featured_media":750608,"comment_status":"open","ping_status":"open","sticky":false,"template":"","format":"standard","meta":{"_acf_changed":false,"_display_image":"","footnotes":""},"categories":[1081],"tags":[1096,1082,1632,1104],"class_list":["post-750607","post","type-post","status-publish","format-standard","has-post-thumbnail","hentry","category-politik","tag-arbeitsmarkt","tag-europaische-union","tag-jobbik","tag-wirtschaft"],"blocksy_meta":[],"acf":[],"author_username":"alk","telegram_post":"","public_post_metadata":{"breaking_news":"","important":"","csempe":"","center_tile":"","disable_thumbnail":"","target_lang":"","_featured_image_style":"","telegram_post":"","_xlat_group_id":""},"public_rank_math_data":{"title":"%title% %sep% %sitename%","description":"","focus_keyword":"Jobbik","canonical_url":"","robots":"","primary_category":"1081","breadcrumb_title":"","facebook_title":"","facebook_description":"","facebook_image":"","facebook_image_id":"","twitter_title":"","twitter_description":"","twitter_image":"","twitter_image_id":"","twitter_card_type":"","twitter_use_facebook":"","advanced_robots":"","pillar_content":"","seo_score":"","contentai_score":"","rich_snippet":""},"_links":{"self":[{"href":"https:\/\/dailynewshungary.com\/de\/wp-json\/wp\/v2\/posts\/750607","targetHints":{"allow":["GET"]}}],"collection":[{"href":"https:\/\/dailynewshungary.com\/de\/wp-json\/wp\/v2\/posts"}],"about":[{"href":"https:\/\/dailynewshungary.com\/de\/wp-json\/wp\/v2\/types\/post"}],"author":[{"embeddable":true,"href":"https:\/\/dailynewshungary.com\/de\/wp-json\/wp\/v2\/users\/2"}],"replies":[{"embeddable":true,"href":"https:\/\/dailynewshungary.com\/de\/wp-json\/wp\/v2\/comments?post=750607"}],"version-history":[{"count":0,"href":"https:\/\/dailynewshungary.com\/de\/wp-json\/wp\/v2\/posts\/750607\/revisions"}],"wp:featuredmedia":[{"embeddable":true,"href":"https:\/\/dailynewshungary.com\/de\/wp-json\/wp\/v2\/media\/750608"}],"wp:attachment":[{"href":"https:\/\/dailynewshungary.com\/de\/wp-json\/wp\/v2\/media?parent=750607"}],"wp:term":[{"taxonomy":"category","embeddable":true,"href":"https:\/\/dailynewshungary.com\/de\/wp-json\/wp\/v2\/categories?post=750607"},{"taxonomy":"post_tag","embeddable":true,"href":"https:\/\/dailynewshungary.com\/de\/wp-json\/wp\/v2\/tags?post=750607"}],"curies":[{"name":"wp","href":"https:\/\/api.w.org\/{rel}","templated":true}]}}