{"id":750626,"date":"2017-03-10T12:00:41","date_gmt":"2017-03-10T11:00:41","guid":{"rendered":"https:\/\/dailynewshungary.com\/de\/die-mehrheit-der-ungarischen-ceos-erwartet-immer-noch-wirtschaftswachstum\/"},"modified":"2017-03-10T12:00:41","modified_gmt":"2017-03-10T11:00:41","slug":"die-mehrheit-der-ungarischen-ceos-erwartet-immer-noch-wirtschaftswachstum","status":"publish","type":"post","link":"https:\/\/dailynewshungary.com\/de\/die-mehrheit-der-ungarischen-ceos-erwartet-immer-noch-wirtschaftswachstum\/","title":{"rendered":"Die Mehrheit der ungarischen CEOs erwartet immer noch Wirtschaftswachstum"},"content":{"rendered":"<p><strong>Budapest (MTI) \u201eUngarische Gesch\u00e4ftsf\u00fchrer sind zuversichtlich, was die Wachstumsaussichten ihres Unternehmens in den n\u00e4chsten 12 Monaten angeht, sind jedoch weniger optimistisch, was das ungarische und globale Wirtschaftswachstum angeht, sagte das Beratungsunternehmen PwC am Donnerstag auf der Grundlage einer Umfrage, die es im vierten Quartal letzten Jahres durchgef\u00fchrt hat.<\/strong><\/p>\n<p>PwC stellte fest, dass 89 Prozent der ungarischen Firmenchefs zuversichtlich sind, dass der Umsatz ihres Unternehmens in den n\u00e4chsten 12 Monaten wachsen wird, 56 Prozent prognostizierten, dass die ungarische Wirtschaft weiter wachsen wird, aber nur 39 Prozent sagten, dass die Weltwirtschaft expandieren w\u00fcrde.<\/p>\n<p>In der vorherigen j\u00e4hrlichen Umfrage von PwC gaben 84 Prozent der CEOs an, dass der Umsatz ihres Unternehmens steigen w\u00fcrde, 59 Prozent sagten dasselbe \u00fcber die ungarische Wirtschaft und 54 Prozent prognostizierten ein globales Wirtschaftswachstum.<\/p>\n<p>Ungarische und globale CEOs sind sich hinsichtlich Wachstum, Wachstumsbedrohungen sowie der Suche und Bindung von Talenten weitgehend einig. Sie planen, die Mitarbeiterzahl zu erh\u00f6hen, w\u00e4hrend sie weiterhin durch Fachkr\u00e4ftemangel und \u00dcberregulierung herausgefordert werden, sagte Nick Kos, Country Managing Partner von PwC Ungarn.<\/p>\n<p>Ungarische CEOs halten Deutschland f\u00fcr das wichtigste Land f\u00fcr die Wachstumsaussichten ihres Unternehmens, 41 Prozent der Befragten belegen es an der Spitze, gefolgt von den USA, Rum\u00e4nien, Russland und der Slowakei.<\/p>\n<p>Die Unternehmensleiter machen sich Sorgen \u00fcber den Mangel an qualifizierten Fachkr\u00e4ften angesichts der Pl\u00e4ne, die Mitarbeiterzahl im Laufe des n\u00e4chsten Jahres zu erh\u00f6hen. Nur 13 Prozent der Top-F\u00fchrungskr\u00e4fte planen, Arbeitnehmer zu entlassen, stellte Anita Mekler, Partnerin bei PwCs Tax and Legal Services, fest.<\/p>\n<p>PwC interviewte zwischen Oktober und Dezember 2016 die CEOs von 186 ungarischen Unternehmen Die Umfrage wurde in Kooperation mit dem nationalen Wirtschaftsverband MGYOSZ durchgef\u00fchrt.<\/p>\n","protected":false},"excerpt":{"rendered":"<p>Budapest (MTI) \u201eUngarische Gesch\u00e4ftsf\u00fchrer sind zuversichtlich, was die Wachstumsaussichten ihres Unternehmens in den n\u00e4chsten 12 Monaten angeht, sind jedoch weniger optimistisch, was das ungarische und globale Wirtschaftswachstum angeht, sagte das Beratungsunternehmen PwC am Donnerstag auf der Grundlage einer Umfrage, die es im vierten Quartal letzten Jahres durchgef\u00fchrt hat. PwC stellte fest, dass 89 Prozent der [&hellip;]<\/p>\n","protected":false},"author":2,"featured_media":750627,"comment_status":"open","ping_status":"open","sticky":false,"template":"","format":"standard","meta":{"_acf_changed":false,"_display_image":"","footnotes":""},"categories":[1281],"tags":[3977,1104],"class_list":["post-750626","post","type-post","status-publish","format-standard","has-post-thumbnail","hentry","category-geschaft","tag-erhebung","tag-wirtschaft"],"blocksy_meta":[],"acf":[],"author_username":"alk","telegram_post":"","public_post_metadata":{"breaking_news":"","important":"","csempe":"","center_tile":"","disable_thumbnail":"","target_lang":"","_featured_image_style":"","telegram_post":"","_xlat_group_id":""},"public_rank_math_data":{"title":"%title% %sep% %sitename%","description":"","focus_keyword":"Ungarischer CEO","canonical_url":"","robots":"","primary_category":"1281","breadcrumb_title":"","facebook_title":"","facebook_description":"","facebook_image":"","facebook_image_id":"","twitter_title":"","twitter_description":"","twitter_image":"","twitter_image_id":"","twitter_card_type":"","twitter_use_facebook":"","advanced_robots":"","pillar_content":"","seo_score":"","contentai_score":"","rich_snippet":""},"_links":{"self":[{"href":"https:\/\/dailynewshungary.com\/de\/wp-json\/wp\/v2\/posts\/750626","targetHints":{"allow":["GET"]}}],"collection":[{"href":"https:\/\/dailynewshungary.com\/de\/wp-json\/wp\/v2\/posts"}],"about":[{"href":"https:\/\/dailynewshungary.com\/de\/wp-json\/wp\/v2\/types\/post"}],"author":[{"embeddable":true,"href":"https:\/\/dailynewshungary.com\/de\/wp-json\/wp\/v2\/users\/2"}],"replies":[{"embeddable":true,"href":"https:\/\/dailynewshungary.com\/de\/wp-json\/wp\/v2\/comments?post=750626"}],"version-history":[{"count":0,"href":"https:\/\/dailynewshungary.com\/de\/wp-json\/wp\/v2\/posts\/750626\/revisions"}],"wp:featuredmedia":[{"embeddable":true,"href":"https:\/\/dailynewshungary.com\/de\/wp-json\/wp\/v2\/media\/750627"}],"wp:attachment":[{"href":"https:\/\/dailynewshungary.com\/de\/wp-json\/wp\/v2\/media?parent=750626"}],"wp:term":[{"taxonomy":"category","embeddable":true,"href":"https:\/\/dailynewshungary.com\/de\/wp-json\/wp\/v2\/categories?post=750626"},{"taxonomy":"post_tag","embeddable":true,"href":"https:\/\/dailynewshungary.com\/de\/wp-json\/wp\/v2\/tags?post=750626"}],"curies":[{"name":"wp","href":"https:\/\/api.w.org\/{rel}","templated":true}]}}