{"id":750708,"date":"2017-03-07T13:30:32","date_gmt":"2017-03-07T12:30:32","guid":{"rendered":"https:\/\/dailynewshungary.com\/de\/orban-der-migrationsfluss-ist-zuruckgegangen-aber-noch-nicht-vorbei\/"},"modified":"2017-03-07T13:30:32","modified_gmt":"2017-03-07T12:30:32","slug":"orban-der-migrationsfluss-ist-zuruckgegangen-aber-noch-nicht-vorbei","status":"publish","type":"post","link":"https:\/\/dailynewshungary.com\/de\/orban-der-migrationsfluss-ist-zuruckgegangen-aber-noch-nicht-vorbei\/","title":{"rendered":"Orb\u00e1n: Der Migrationsfluss ist zur\u00fcckgegangen, aber noch nicht vorbei"},"content":{"rendered":"<p><strong>Budapest, 7. M\u00e4rz (MTI) \u201eAuch der Zustrom von Migranten ist zur\u00fcckgegangen, aber noch nicht zu Ende gegangen, sagte Premierminister Viktor Orb\u00e1n am Dienstag bei einer Eidzeremonie f\u00fcr die \u201eGrenzj\u00e4ger\u201c\u201d-Polizei. \u201eWir werden immer noch angegriffen,\u201d, sagte Orb\u00e1n.<\/strong><\/p>\n<p>Der Druck auf die Grenzen Ungarns werde in den n\u00e4chsten Jahren nicht aufh\u00f6ren, weil sich weitere Millionen Menschen in der Hoffnung auf ein besseres Leben auf den Weg machen, sagte Orb\u00e1n \u201cWir k\u00f6nnen uns nur auf uns selbst verlassen\u201d, sagte er und f\u00fcgte hinzu, dass man sich nicht auf die Europ\u00e4ische Union verlassen k\u00f6nne und \u201csie uns nur unsere Arbeit erschweren\u201d.<\/p>\n<p>Die Migrationskrise werde so lange andauern, bis ihre Ursachen beseitigt seien, sagte er.<\/p>\n<blockquote>\n<p>\u201cEs wird auf der Tagesordnung bleiben, bis \u00fcberall erkannt wird, dass Migration ein trojanisches Pferd f\u00fcr den Terrorismus ist\u201d, f\u00fcgte der Premierminister hinzu.<\/p>\n<\/blockquote>\n<p>Orb\u00e1n forderte die neue Grenzpolizei auf, entschlossen, aber menschlich zu handeln und sich an die Rechtsstaatlichkeit zu halten.<\/p>\n<figure id=\"attachment_107881\" aria-describedby=\"caption-attachment-107881\" style=\"width: 1024px\" class=\"wp-caption aligncenter\"><a href=\"https:\/\/contentf5.dailynewshungary.com\/wp-content\/uploads\/2017\/03\/D_KOS20170307017.jpg\" data-pswp-width=\"5568\" data-pswp-height=\"3712\" data-cropped=\"true\"><img alt=\"D KOS X\" loading=\"lazy\" decoding=\"async\" class=\"wp-image-107881 size-large\" src=\"https:\/\/dailynewshungary.com\/wp-content\/uploads\/2017\/03\/D_KOS20170307017-1024x683.jpg\" width=\"1024\" height=\"683\" srcset=\"https:\/\/contentf5.dailynewshungary.com\/wp-content\/uploads\/2017\/03\/D_KOS20170307017-1024x683.jpg 1024w, https:\/\/contentf5.dailynewshungary.com\/wp-content\/uploads\/2017\/03\/D_KOS20170307017-300x200.jpg 300w, https:\/\/contentf5.dailynewshungary.com\/wp-content\/uploads\/2017\/03\/D_KOS20170307017-768x512.jpg 768w, https:\/\/contentf5.dailynewshungary.com\/wp-content\/uploads\/2017\/03\/D_KOS20170307017-220x147.jpg 220w, https:\/\/contentf5.dailynewshungary.com\/wp-content\/uploads\/2017\/03\/D_KOS20170307017-610x407.jpg 610w, https:\/\/contentf5.dailynewshungary.com\/wp-content\/uploads\/2017\/03\/D_KOS20170307017-1080x720.jpg 1080w\" sizes=\"auto, (max-width: 1024px) 100vw, 1024px\"><\/a><figcaption id=\"caption-attachment-107881\" class=\"wp-caption-text\">Foto: MTI<\/figcaption><\/figure>\n<p>Er f\u00fcgte hinzu, dass die Regelungen auch f\u00fcr Migranten gelten, die illegal die Grenze \u00fcberqueren wollen \u201cDas ist die Realit\u00e4t und kann durch keinerlei jammernden Menschenrechts-Unsinn au\u00dfer Kraft gesetzt werden\u201d.<\/p>\n<p>Ungarn sei derzeit eines der sichersten L\u00e4nder Europas, sagte der Ministerpr\u00e4sident.<\/p>\n<p>\u201eWenn die Staaten, die wir sch\u00fctzen k\u00f6nnen, unsere Grenzen sch\u00fctzen k\u00f6nnen, dass das erzwungene Grenzsiegel nicht durchdrungen werden kann und dass wir weiterhin auf unserem \u201eUnsere Identit\u00e4t und Motive gekl\u00e4rt sind, sollten nur noch Menschen nach Ungarn einreisen, f\u00fcgte er hinzu.\u201c.\u201d.<\/p>\n<blockquote>\n<p>\u201cWir Ungarn wollen ein Europa, in dem wir unser eigenes ungarisches Leben f\u00fchren k\u00f6nnen Die wichtigste Bedingung f\u00fcr ein so attraktives Ungarn ist Sicherheit, die Gesetze und Menschen erfordert, die sich f\u00fcr ihren Schutz einsetzen\u201d, f\u00fcgte er hinzu.<\/p>\n<\/blockquote>\n<p>Die Regierung beschloss im vergangenen August, die Zahl der Grenzpolizisten um 3.000 zu erh\u00f6hen, und die Rekrutierung begann am 1. September.<\/p>\n<p>Die erste Gruppe neuer Rekruten legte am 12. Januar ihren Eid ab und weitere 462 legten heute ihren Eid bei einer Zeremonie ab, an der auch Innenminister Samendor Pint\u00e9r und Verteidigungsminister Istv\u00e1n Simicsk\u00f3 teilnahmen.<\/p>\n","protected":false},"excerpt":{"rendered":"<p>Budapest, 7. M\u00e4rz (MTI) \u201eAuch der Zustrom von Migranten ist zur\u00fcckgegangen, aber noch nicht zu Ende gegangen, sagte Premierminister Viktor Orb\u00e1n am Dienstag bei einer Eidzeremonie f\u00fcr die \u201eGrenzj\u00e4ger\u201c\u201d-Polizei. \u201eWir werden immer noch angegriffen,\u201d, sagte Orb\u00e1n. Der Druck auf die Grenzen Ungarns werde in den n\u00e4chsten Jahren nicht aufh\u00f6ren, weil sich weitere Millionen Menschen in [&hellip;]<\/p>\n","protected":false},"author":2,"featured_media":750709,"comment_status":"open","ping_status":"open","sticky":false,"template":"","format":"standard","meta":{"_acf_changed":false,"_display_image":"","footnotes":""},"categories":[1081],"tags":[1203,1082,1445,1236,1299,1128],"class_list":["post-750708","post","type-post","status-publish","format-standard","has-post-thumbnail","hentry","category-politik","tag-armee","tag-europaische-union","tag-migration","tag-polizei","tag-schengen","tag-viktor-orban"],"blocksy_meta":[],"acf":[],"author_username":"alk","telegram_post":"","public_post_metadata":{"breaking_news":"","important":"","csempe":"","center_tile":"","disable_thumbnail":"","target_lang":"","_featured_image_style":"","telegram_post":"","_xlat_group_id":""},"public_rank_math_data":{"title":"%title% %sep% %sitename%","description":"","focus_keyword":"Orb\u00e1n","canonical_url":"","robots":"","primary_category":"1081","breadcrumb_title":"","facebook_title":"","facebook_description":"","facebook_image":"","facebook_image_id":"","twitter_title":"","twitter_description":"","twitter_image":"","twitter_image_id":"","twitter_card_type":"","twitter_use_facebook":"","advanced_robots":"","pillar_content":"","seo_score":"66","contentai_score":"","rich_snippet":""},"_links":{"self":[{"href":"https:\/\/dailynewshungary.com\/de\/wp-json\/wp\/v2\/posts\/750708","targetHints":{"allow":["GET"]}}],"collection":[{"href":"https:\/\/dailynewshungary.com\/de\/wp-json\/wp\/v2\/posts"}],"about":[{"href":"https:\/\/dailynewshungary.com\/de\/wp-json\/wp\/v2\/types\/post"}],"author":[{"embeddable":true,"href":"https:\/\/dailynewshungary.com\/de\/wp-json\/wp\/v2\/users\/2"}],"replies":[{"embeddable":true,"href":"https:\/\/dailynewshungary.com\/de\/wp-json\/wp\/v2\/comments?post=750708"}],"version-history":[{"count":0,"href":"https:\/\/dailynewshungary.com\/de\/wp-json\/wp\/v2\/posts\/750708\/revisions"}],"wp:featuredmedia":[{"embeddable":true,"href":"https:\/\/dailynewshungary.com\/de\/wp-json\/wp\/v2\/media\/750709"}],"wp:attachment":[{"href":"https:\/\/dailynewshungary.com\/de\/wp-json\/wp\/v2\/media?parent=750708"}],"wp:term":[{"taxonomy":"category","embeddable":true,"href":"https:\/\/dailynewshungary.com\/de\/wp-json\/wp\/v2\/categories?post=750708"},{"taxonomy":"post_tag","embeddable":true,"href":"https:\/\/dailynewshungary.com\/de\/wp-json\/wp\/v2\/tags?post=750708"}],"curies":[{"name":"wp","href":"https:\/\/api.w.org\/{rel}","templated":true}]}}