{"id":750732,"date":"2017-03-06T17:00:14","date_gmt":"2017-03-06T16:00:14","guid":{"rendered":"https:\/\/dailynewshungary.com\/de\/ungarische-regierung-grenzzaun-schutzt-eu-nicht-ungarn\/"},"modified":"2017-03-06T17:00:14","modified_gmt":"2017-03-06T16:00:14","slug":"ungarische-regierung-grenzzaun-schutzt-eu-nicht-ungarn","status":"publish","type":"post","link":"https:\/\/dailynewshungary.com\/de\/ungarische-regierung-grenzzaun-schutzt-eu-nicht-ungarn\/","title":{"rendered":"Ungarische Regierung: Grenzzaun sch\u00fctzt EU, nicht Ungarn"},"content":{"rendered":"<p><strong>Wien, 6. M\u00e4rz (MTI) \u2013 Ungarns Zaun an seiner Grenze zu Serbien sch\u00fctzt die Europ\u00e4ische Union, nicht Ungarn, sagte Regierungssprecher Zolt\u00e1n Kov\u00e1cs am Montag in der ungarischen Botschaft in Wien.<\/strong><\/p>\n<p>Wenn es Ungarn gelingt, die illegale Migration in die EU mit dem Zaun zu stoppen, dann braucht es die Staus an der ungarisch-\u00f6sterreichischen Grenze, die durch versch\u00e4rfte Kontrollen dort verursacht werden, nicht, da der Zaun auch \u00d6sterreich sch\u00fctzen w\u00fcrde, sagte Kov\u00e1cs MTI nach einer Presseveranstaltung in der Botschaft.<\/p>\n<p>Ungarns Regierung hat angek\u00fcndigt, bis zum 1. Mai einen zweiten Zaun entlang des 150 km langen Grenzabschnitts des Landes zu Serbien zu installieren, die zweite Barriere wird mit \u00dcberwachungskameras, W\u00e4rmebildkameras und anderen Sicherheitswerkzeugen ausgestattet.<\/p>\n<p>Kov\u00e1cs sagte, der Zaun diene dem Zweck, illegale Migranten fernzuhalten, was seiner Meinung nach auch ein Ziel sei, das \u00d6sterreich erreichen wolle.<\/p>\n<p>\u00dcber die technischen Spezifikationen des bald installierten zweiten Zauns sagte der Regierungssprecher, dass ihm eine niedrige, nicht t\u00f6dliche Spannung auferlegt werde, die ein Signal an die Beh\u00f6rden \u00fcbermittle, wenn versucht werde, den Zaun zu besch\u00e4digen.<\/p>\n<p>Kov\u00e1cs sagte, illegale Migration k\u00f6nne nicht durch Kontrollen an den Binnengrenzen einged\u00e4mmt werden und f\u00fcgte hinzu, dass \u00d6sterreichs Grenzkontrollen kein Ersatz f\u00fcr den Schutz der Schengen-Grenzen der EU seien.<\/p>\n<p><em>Foto: MTI<\/em><\/p>\n","protected":false},"excerpt":{"rendered":"<p>Wien, 6. M\u00e4rz (MTI) \u2013 Ungarns Zaun an seiner Grenze zu Serbien sch\u00fctzt die Europ\u00e4ische Union, nicht Ungarn, sagte Regierungssprecher Zolt\u00e1n Kov\u00e1cs am Montag in der ungarischen Botschaft in Wien. Wenn es Ungarn gelingt, die illegale Migration in die EU mit dem Zaun zu stoppen, dann braucht es die Staus an der ungarisch-\u00f6sterreichischen Grenze, die [&hellip;]<\/p>\n","protected":false},"author":2,"featured_media":750733,"comment_status":"open","ping_status":"open","sticky":false,"template":"","format":"standard","meta":{"_acf_changed":false,"_display_image":"","footnotes":""},"categories":[1081],"tags":[1082,1445,1236,1299,1484],"class_list":["post-750732","post","type-post","status-publish","format-standard","has-post-thumbnail","hentry","category-politik","tag-europaische-union","tag-migration","tag-polizei","tag-schengen","tag-serbien"],"blocksy_meta":[],"acf":[],"author_username":"alk","telegram_post":"","public_post_metadata":{"breaking_news":"","important":"","csempe":"","center_tile":"","disable_thumbnail":"","target_lang":"","_featured_image_style":"","telegram_post":"","_xlat_group_id":""},"public_rank_math_data":{"title":"%title% %sep% %sitename%","description":"","focus_keyword":"Zaun","canonical_url":"","robots":"","primary_category":"1081","breadcrumb_title":"","facebook_title":"","facebook_description":"","facebook_image":"","facebook_image_id":"","twitter_title":"","twitter_description":"","twitter_image":"","twitter_image_id":"","twitter_card_type":"","twitter_use_facebook":"","advanced_robots":"","pillar_content":"","seo_score":"51","contentai_score":"","rich_snippet":""},"_links":{"self":[{"href":"https:\/\/dailynewshungary.com\/de\/wp-json\/wp\/v2\/posts\/750732","targetHints":{"allow":["GET"]}}],"collection":[{"href":"https:\/\/dailynewshungary.com\/de\/wp-json\/wp\/v2\/posts"}],"about":[{"href":"https:\/\/dailynewshungary.com\/de\/wp-json\/wp\/v2\/types\/post"}],"author":[{"embeddable":true,"href":"https:\/\/dailynewshungary.com\/de\/wp-json\/wp\/v2\/users\/2"}],"replies":[{"embeddable":true,"href":"https:\/\/dailynewshungary.com\/de\/wp-json\/wp\/v2\/comments?post=750732"}],"version-history":[{"count":0,"href":"https:\/\/dailynewshungary.com\/de\/wp-json\/wp\/v2\/posts\/750732\/revisions"}],"wp:featuredmedia":[{"embeddable":true,"href":"https:\/\/dailynewshungary.com\/de\/wp-json\/wp\/v2\/media\/750733"}],"wp:attachment":[{"href":"https:\/\/dailynewshungary.com\/de\/wp-json\/wp\/v2\/media?parent=750732"}],"wp:term":[{"taxonomy":"category","embeddable":true,"href":"https:\/\/dailynewshungary.com\/de\/wp-json\/wp\/v2\/categories?post=750732"},{"taxonomy":"post_tag","embeddable":true,"href":"https:\/\/dailynewshungary.com\/de\/wp-json\/wp\/v2\/tags?post=750732"}],"curies":[{"name":"wp","href":"https:\/\/api.w.org\/{rel}","templated":true}]}}