{"id":750783,"date":"2017-03-04T13:30:23","date_gmt":"2017-03-04T12:30:23","guid":{"rendered":"https:\/\/dailynewshungary.com\/de\/orban-die-regierung-zielt-darauf-ab-einen-staat-zu-entwickeln-dem-die-menschen-vertrauen\/"},"modified":"2017-03-04T13:30:23","modified_gmt":"2017-03-04T12:30:23","slug":"orban-die-regierung-zielt-darauf-ab-einen-staat-zu-entwickeln-dem-die-menschen-vertrauen","status":"publish","type":"post","link":"https:\/\/dailynewshungary.com\/de\/orban-die-regierung-zielt-darauf-ab-einen-staat-zu-entwickeln-dem-die-menschen-vertrauen\/","title":{"rendered":"Orb\u00e1n: Die Regierung zielt darauf ab, einen Staat zu entwickeln, dem die Menschen vertrauen"},"content":{"rendered":"<p><strong>Szigetzentmikl\u00f3s (MTI) \u201eDie Regierung m\u00f6chte einen Staat entwickeln, dem die Menschen vertrauen und der zum Erfolg der Menschen und Unternehmen beitr\u00e4gt, sagte Premierminister Viktor Orb\u00e1n am Freitag bei der Er\u00f6ffnung eines Verwaltungszentrums in Szigetszentmikl\u00f3s s\u00fcdlich von Budapest.<\/strong><\/p>\n<p>\u00dcberarbeitete oder neu errichtete B\u00fcros seien wertlos, wenn das Personal nicht gut ausgebildet und engagiert sei, f\u00fcgte er hinzu.<\/p>\n<p>Die n\u00e4chsten Jahre seien einer Umstellung auf digitale Verwaltung gewidmet, sagte er.<\/p>\n<p>Orb\u00e1n sagte, das neue Verwaltungsgeb\u00e4ude, andere, das sogenannte Regierungsfenster, seien eine zentrale Anlaufstelle f\u00fcr die Organisation offizieller Papierarbeiten f\u00fcr B\u00fcrger. Der Premierminister stellte fest, dass die Regierungsfenster nun mit etwa 1.500 Personen zu tun haben verschiedene Verwaltungsverfahren.<\/p>\n<p>Orb\u00e1n sagte, das Verwaltungszentrum sei f\u00fcr 4,4 Milliarden Forint (14,3 Mio. EUR), einschlie\u00dflich staatlicher Mittel, aus einem alten, heruntergekommenen Geb\u00e4ude renoviert worden.<\/p>\n<p>Er sagte, dass die staatlichen Organisationen vor der Macht\u00fcbernahme von Fidesz im Jahr 2010 in einer so schlechten Verfassung gewesen seien, dass die B\u00fcrger \u201esich kaum um ihre Verwaltungsangelegenheiten k\u00fcmmern konnten\u201c.<\/p>\n<p>Orb\u00e1n f\u00fcgte hinzu, dass die ungarische Polizei seit 2010 um 7.100 Beamte erweitert worden sei und die Truppe nun in der Lage sei, eine st\u00e4ndige Polizeipr\u00e4senz in allen Gemeinden des Landes sicherzustellen.<\/p>\n<p>Er wies auch darauf hin, dass die Regierung Karrieremodelle f\u00fcr Strafverfolgungs- und Justizbeamte eingef\u00fchrt habe.<\/p>\n<p>Regierungsb\u00fcrochef J\u00e1nos L\u00e1z\u00e1r sagte, dass es vor sechs Jahren, als die Regierungsfenster zum ersten Mal ge\u00f6ffnet wurden, nur 29 davon gegeben habe, und wies darauf hin, dass das in Szigezzentmikl\u00f3s eingeweihte Geb\u00e4ude das 270. sei. Er sagte, Regierungsb\u00fcros h\u00e4tten im vergangenen Jahr insgesamt 24 Millionen Verwaltungsverfahren abgewickelt.<\/p>\n<p>Neben dem Regierungsfenster beherbergt das Verwaltungszentrum auch die \u00f6rtliche Polizei, die Justiz und die Staatsanwaltschaft, sagte Polizeichef K\u00e1roly Papp bei der Veranstaltung.<\/p>\n","protected":false},"excerpt":{"rendered":"<p>Szigetzentmikl\u00f3s (MTI) \u201eDie Regierung m\u00f6chte einen Staat entwickeln, dem die Menschen vertrauen und der zum Erfolg der Menschen und Unternehmen beitr\u00e4gt, sagte Premierminister Viktor Orb\u00e1n am Freitag bei der Er\u00f6ffnung eines Verwaltungszentrums in Szigetszentmikl\u00f3s s\u00fcdlich von Budapest. \u00dcberarbeitete oder neu errichtete B\u00fcros seien wertlos, wenn das Personal nicht gut ausgebildet und engagiert sei, f\u00fcgte er [&hellip;]<\/p>\n","protected":false},"author":2,"featured_media":750784,"comment_status":"open","ping_status":"open","sticky":false,"template":"","format":"standard","meta":{"_acf_changed":false,"_display_image":"","footnotes":""},"categories":[1081],"tags":[1128],"class_list":["post-750783","post","type-post","status-publish","format-standard","has-post-thumbnail","hentry","category-politik","tag-viktor-orban"],"blocksy_meta":[],"acf":[],"author_username":"alk","telegram_post":"","public_post_metadata":{"breaking_news":"","important":"","csempe":"","center_tile":"","disable_thumbnail":"","target_lang":"","_featured_image_style":"","telegram_post":"","_xlat_group_id":""},"public_rank_math_data":{"title":"%title% %sep% %sitename%","description":"","focus_keyword":"Orb\u00e1n","canonical_url":"","robots":"","primary_category":"1081","breadcrumb_title":"","facebook_title":"","facebook_description":"","facebook_image":"","facebook_image_id":"","twitter_title":"","twitter_description":"","twitter_image":"","twitter_image_id":"","twitter_card_type":"","twitter_use_facebook":"","advanced_robots":"","pillar_content":"","seo_score":"57","contentai_score":"","rich_snippet":""},"_links":{"self":[{"href":"https:\/\/dailynewshungary.com\/de\/wp-json\/wp\/v2\/posts\/750783","targetHints":{"allow":["GET"]}}],"collection":[{"href":"https:\/\/dailynewshungary.com\/de\/wp-json\/wp\/v2\/posts"}],"about":[{"href":"https:\/\/dailynewshungary.com\/de\/wp-json\/wp\/v2\/types\/post"}],"author":[{"embeddable":true,"href":"https:\/\/dailynewshungary.com\/de\/wp-json\/wp\/v2\/users\/2"}],"replies":[{"embeddable":true,"href":"https:\/\/dailynewshungary.com\/de\/wp-json\/wp\/v2\/comments?post=750783"}],"version-history":[{"count":0,"href":"https:\/\/dailynewshungary.com\/de\/wp-json\/wp\/v2\/posts\/750783\/revisions"}],"wp:featuredmedia":[{"embeddable":true,"href":"https:\/\/dailynewshungary.com\/de\/wp-json\/wp\/v2\/media\/750784"}],"wp:attachment":[{"href":"https:\/\/dailynewshungary.com\/de\/wp-json\/wp\/v2\/media?parent=750783"}],"wp:term":[{"taxonomy":"category","embeddable":true,"href":"https:\/\/dailynewshungary.com\/de\/wp-json\/wp\/v2\/categories?post=750783"},{"taxonomy":"post_tag","embeddable":true,"href":"https:\/\/dailynewshungary.com\/de\/wp-json\/wp\/v2\/tags?post=750783"}],"curies":[{"name":"wp","href":"https:\/\/api.w.org\/{rel}","templated":true}]}}