{"id":750802,"date":"2017-03-03T17:00:30","date_gmt":"2017-03-03T16:00:30","guid":{"rendered":"https:\/\/dailynewshungary.com\/de\/ungarn-kommt-allen-seinen-internationalen-verpflichtungen-nach-sagt-justizminister\/"},"modified":"2017-03-03T17:00:30","modified_gmt":"2017-03-03T16:00:30","slug":"ungarn-kommt-allen-seinen-internationalen-verpflichtungen-nach-sagt-justizminister","status":"publish","type":"post","link":"https:\/\/dailynewshungary.com\/de\/ungarn-kommt-allen-seinen-internationalen-verpflichtungen-nach-sagt-justizminister\/","title":{"rendered":"Ungarn kommt allen seinen internationalen Verpflichtungen nach, sagt Justizminister"},"content":{"rendered":"<p><strong>R\u00f6szke, 3. M\u00e4rz (MTI) \u2013 Ungarn erf\u00fcllt alle seine internationalen Verpflichtungen, sagte der Justizminister am Freitag in R\u00f6szke, einer Grenzstadt zu Serbien.<\/strong><\/p>\n<p>Im Gespr\u00e4ch mit Reportern sagte L\u00e1szl\u00f3 Tr\u00f3cs\u00e1nyi, nachdem es den Prozess der Rechtshilfe f\u00fcr Migranten in der \u00f6rtlichen Transitzone untersucht habe, Ungarn lehne die \u201eAngriffe\u201cab, die es aus Br\u00fcssel wegen seines Umgangs mit Asylsuchenden und Migranten erhalten habe, und argumentierte, dass dies \u201evollst\u00e4ndig\u201csei ungerechtfertigt\u201d.<\/p>\n<p>Tr\u00f3cs\u00e1nyi stellte fest, dass er am Montag an einer Anh\u00f6rung des Ausschusses f\u00fcr b\u00fcrgerliche Freiheiten, Justiz und Inneres (LIBE) des Europ\u00e4ischen Parlaments in Br\u00fcssel teilgenommen habe, Er sagte, die meisten Menschenrechtsgruppen und Vertreter, die sich zu der Anh\u00f6rung ge\u00e4u\u00dfert h\u00e4tten, h\u00e4tten ernsthafte Kritik an der Politik Ungarns ge\u00e4u\u00dfert und erkl\u00e4rt, dass das Land seinen internationalen Verpflichtungen nicht nachgekommen sei Au\u00dferdem h\u00e4tten sie den Umgang Ungarns mit Migranten, Asylverfahren und Methoden zur Rechtshilfe f\u00fcr Migranten kritisiert.<\/p>\n<p>Tr\u00f3cs\u00e1nyi bestand darauf, dass Ungarn Migranten angemessene Prozesskostenhilfe gew\u00e4hrt, und f\u00fcgte hinzu, dass ihnen Informationen dar\u00fcber, wie sie diese beantragen k\u00f6nnen, auch auf Arabisch zur Verf\u00fcgung stehen.<\/p>\n<p>Der Minister sagte, es m\u00fcsse zwischen Migranten und Fl\u00fcchtlingen unterschieden werden und f\u00fcgte hinzu, dass viele derjenigen, die an der S\u00fcdgrenze nach Ungarn einreisen wollten, nicht als Fl\u00fcchtlinge angesehen werden k\u00f6nnten.<\/p>\n","protected":false},"excerpt":{"rendered":"<p>R\u00f6szke, 3. M\u00e4rz (MTI) \u2013 Ungarn erf\u00fcllt alle seine internationalen Verpflichtungen, sagte der Justizminister am Freitag in R\u00f6szke, einer Grenzstadt zu Serbien. Im Gespr\u00e4ch mit Reportern sagte L\u00e1szl\u00f3 Tr\u00f3cs\u00e1nyi, nachdem es den Prozess der Rechtshilfe f\u00fcr Migranten in der \u00f6rtlichen Transitzone untersucht habe, Ungarn lehne die \u201eAngriffe\u201cab, die es aus Br\u00fcssel wegen seines Umgangs mit [&hellip;]<\/p>\n","protected":false},"author":2,"featured_media":750803,"comment_status":"open","ping_status":"open","sticky":false,"template":"","format":"standard","meta":{"_acf_changed":false,"_display_image":"","footnotes":""},"categories":[1081],"tags":[1082,1445,1484],"class_list":["post-750802","post","type-post","status-publish","format-standard","has-post-thumbnail","hentry","category-politik","tag-europaische-union","tag-migration","tag-serbien"],"blocksy_meta":[],"acf":[],"author_username":"alk","telegram_post":"","public_post_metadata":{"breaking_news":"","important":"","csempe":"","center_tile":"","disable_thumbnail":"","target_lang":"","_featured_image_style":"","telegram_post":"","_xlat_group_id":""},"public_rank_math_data":{"title":"%title% %sep% %sitename%","description":"","focus_keyword":"Migration","canonical_url":"","robots":"","primary_category":"1081","breadcrumb_title":"","facebook_title":"","facebook_description":"","facebook_image":"","facebook_image_id":"","twitter_title":"","twitter_description":"","twitter_image":"","twitter_image_id":"","twitter_card_type":"","twitter_use_facebook":"","advanced_robots":"","pillar_content":"","seo_score":"4","contentai_score":"","rich_snippet":""},"_links":{"self":[{"href":"https:\/\/dailynewshungary.com\/de\/wp-json\/wp\/v2\/posts\/750802","targetHints":{"allow":["GET"]}}],"collection":[{"href":"https:\/\/dailynewshungary.com\/de\/wp-json\/wp\/v2\/posts"}],"about":[{"href":"https:\/\/dailynewshungary.com\/de\/wp-json\/wp\/v2\/types\/post"}],"author":[{"embeddable":true,"href":"https:\/\/dailynewshungary.com\/de\/wp-json\/wp\/v2\/users\/2"}],"replies":[{"embeddable":true,"href":"https:\/\/dailynewshungary.com\/de\/wp-json\/wp\/v2\/comments?post=750802"}],"version-history":[{"count":0,"href":"https:\/\/dailynewshungary.com\/de\/wp-json\/wp\/v2\/posts\/750802\/revisions"}],"wp:featuredmedia":[{"embeddable":true,"href":"https:\/\/dailynewshungary.com\/de\/wp-json\/wp\/v2\/media\/750803"}],"wp:attachment":[{"href":"https:\/\/dailynewshungary.com\/de\/wp-json\/wp\/v2\/media?parent=750802"}],"wp:term":[{"taxonomy":"category","embeddable":true,"href":"https:\/\/dailynewshungary.com\/de\/wp-json\/wp\/v2\/categories?post=750802"},{"taxonomy":"post_tag","embeddable":true,"href":"https:\/\/dailynewshungary.com\/de\/wp-json\/wp\/v2\/tags?post=750802"}],"curies":[{"name":"wp","href":"https:\/\/api.w.org\/{rel}","templated":true}]}}