{"id":750881,"date":"2017-03-01T10:30:48","date_gmt":"2017-03-01T09:30:48","guid":{"rendered":"https:\/\/dailynewshungary.com\/de\/mitteleuropa-in-opposition-in-eu-sagt-ungarischer-regierungsamtsleiter\/"},"modified":"2017-03-01T10:30:48","modified_gmt":"2017-03-01T09:30:48","slug":"mitteleuropa-in-opposition-in-eu-sagt-ungarischer-regierungsamtsleiter","status":"publish","type":"post","link":"https:\/\/dailynewshungary.com\/de\/mitteleuropa-in-opposition-in-eu-sagt-ungarischer-regierungsamtsleiter\/","title":{"rendered":"Mitteleuropa \u2018in Opposition\u2019 in EU, sagt ungarischer Regierungsamtsleiter"},"content":{"rendered":"<p><strong>Budapest (MTI) \u2013 Was die mitteleurop\u00e4ischen L\u00e4nder repr\u00e4sentieren, ist innerhalb der Europ\u00e4ischen Union eher \u201cin Opposition\u201d, und die Entscheidung des Vereinigten K\u00f6nigreichs, aus der Europ\u00e4ischen Union auszutreten, macht die Sache f\u00fcr sie noch schlimmer, sagte der Regierungschef am Dienstag dem EU-Ausschuss des Parlaments.<\/strong><\/p>\n<p>Mit dem Vereinigten K\u00f6nigreich, einem Land, das sich f\u00fcr Selbstbestimmung einsetzt, verl\u00e4sst es den Block, sagte J\u00e1nos L\u00e1z\u00e1r bei seiner j\u00e4hrlichen Anh\u00f6rung im Ausschuss.<\/p>\n<p>Bez\u00fcglich des Brexit pl\u00e4diere Ungarn f\u00fcr eine L\u00f6sung, die Gro\u00dfbritannien, der EU und den mitteleurop\u00e4ischen L\u00e4ndern gleicherma\u00dfen zugute komme, sagte er.<\/p>\n<p>\u201cGro\u00dfbritannien wird einer der gr\u00f6\u00dften Nicht-EU-Handelspartner Ungarns sein, daher werden die Bedingungen, unter denen der Brexit durchgef\u00fchrt wird, ihm nicht gleichg\u00fcltig sein. Verhandlungen werden hoffentlich eine Gelegenheit bieten, die Dinge zu \u00fcberdenken und einen Neuanfang einzul\u00e4uten. \u201eWir sollten zum Lissabon-Vertrag zur\u00fcckkehren, weil ein \u00dcberschreiten zu Streitigkeiten f\u00fchren w\u00fcrde\u201csagte L\u00e1z\u00e1r.<\/p>\n<p>L\u00e1z\u00e1r sagte, dass die Gespr\u00e4che \u00fcber die EU-Haushaltsperiode nach 2020 in vollem Gange seien. Er wies darauf hin, dass Ungarn geschickt \u00fcber den vorherigen Haushalt verhandelt habe und plane, in der n\u00e4chsten Amtszeit so viele EU-Mittel wie m\u00f6glich beizubehalten. Er f\u00fcgte hinzu, dass es sich dabei um die Finanzierung der Landwirtschaft und um den R\u00fcckstand auf st\u00e4rker entwickelte Regionen handele.<\/p>\n<p>Laufende Vertragsverletzungsverfahren betreffen meist zentral regulierte Preise, Ackerland und Handelspolitik, sagte er.<\/p>\n<p>Der Staatssekret\u00e4r f\u00fcr europ\u00e4ische Angelegenheiten Ferenc Szabolcs Tak\u00e1cs sagte dem Ausschuss, dass Ungarn in der EU eine Politik betreiben m\u00fcsse, die den Interessen des ungarischen Volkes entsprecheEr f\u00fcgte hinzu, dass die zunehmend \u201cobjektive Bewertung der Wirtschaftspolitik Ungarns\u201d in der EU eine positive Entwicklung gewesen sei.<\/p>\n<p><em>Foto: MTI<\/em><\/p>\n","protected":false},"excerpt":{"rendered":"<p>Budapest (MTI) \u2013 Was die mitteleurop\u00e4ischen L\u00e4nder repr\u00e4sentieren, ist innerhalb der Europ\u00e4ischen Union eher \u201cin Opposition\u201d, und die Entscheidung des Vereinigten K\u00f6nigreichs, aus der Europ\u00e4ischen Union auszutreten, macht die Sache f\u00fcr sie noch schlimmer, sagte der Regierungschef am Dienstag dem EU-Ausschuss des Parlaments. Mit dem Vereinigten K\u00f6nigreich, einem Land, das sich f\u00fcr Selbstbestimmung einsetzt, verl\u00e4sst [&hellip;]<\/p>\n","protected":false},"author":2,"featured_media":750882,"comment_status":"open","ping_status":"open","sticky":false,"template":"","format":"standard","meta":{"_acf_changed":false,"_display_image":"","footnotes":""},"categories":[1081],"tags":[1082],"class_list":["post-750881","post","type-post","status-publish","format-standard","has-post-thumbnail","hentry","category-politik","tag-europaische-union"],"blocksy_meta":[],"acf":[],"author_username":"alk","telegram_post":"","public_post_metadata":{"breaking_news":"","important":"","csempe":"","center_tile":"","disable_thumbnail":"","target_lang":"","_featured_image_style":"","telegram_post":"","_xlat_group_id":""},"public_rank_math_data":{"title":"%title% %sep% %sitename%","description":"","focus_keyword":"Mitteleuropa","canonical_url":"","robots":"","primary_category":"1081","breadcrumb_title":"","facebook_title":"","facebook_description":"","facebook_image":"","facebook_image_id":"","twitter_title":"","twitter_description":"","twitter_image":"","twitter_image_id":"","twitter_card_type":"","twitter_use_facebook":"","advanced_robots":"","pillar_content":"","seo_score":"53","contentai_score":"","rich_snippet":""},"_links":{"self":[{"href":"https:\/\/dailynewshungary.com\/de\/wp-json\/wp\/v2\/posts\/750881","targetHints":{"allow":["GET"]}}],"collection":[{"href":"https:\/\/dailynewshungary.com\/de\/wp-json\/wp\/v2\/posts"}],"about":[{"href":"https:\/\/dailynewshungary.com\/de\/wp-json\/wp\/v2\/types\/post"}],"author":[{"embeddable":true,"href":"https:\/\/dailynewshungary.com\/de\/wp-json\/wp\/v2\/users\/2"}],"replies":[{"embeddable":true,"href":"https:\/\/dailynewshungary.com\/de\/wp-json\/wp\/v2\/comments?post=750881"}],"version-history":[{"count":0,"href":"https:\/\/dailynewshungary.com\/de\/wp-json\/wp\/v2\/posts\/750881\/revisions"}],"wp:featuredmedia":[{"embeddable":true,"href":"https:\/\/dailynewshungary.com\/de\/wp-json\/wp\/v2\/media\/750882"}],"wp:attachment":[{"href":"https:\/\/dailynewshungary.com\/de\/wp-json\/wp\/v2\/media?parent=750881"}],"wp:term":[{"taxonomy":"category","embeddable":true,"href":"https:\/\/dailynewshungary.com\/de\/wp-json\/wp\/v2\/categories?post=750881"},{"taxonomy":"post_tag","embeddable":true,"href":"https:\/\/dailynewshungary.com\/de\/wp-json\/wp\/v2\/tags?post=750881"}],"curies":[{"name":"wp","href":"https:\/\/api.w.org\/{rel}","templated":true}]}}