{"id":750977,"date":"2017-02-24T21:30:55","date_gmt":"2017-02-24T20:30:55","guid":{"rendered":"https:\/\/dailynewshungary.com\/de\/us-prasident-trump-schickt-schriftlichen-dank-an-orban\/"},"modified":"2017-02-24T21:30:55","modified_gmt":"2017-02-24T20:30:55","slug":"us-prasident-trump-schickt-schriftlichen-dank-an-orban","status":"publish","type":"post","link":"https:\/\/dailynewshungary.com\/de\/us-prasident-trump-schickt-schriftlichen-dank-an-orban\/","title":{"rendered":"US-Pr\u00e4sident Trump schickt schriftlichen Dank an Orb\u00e1n"},"content":{"rendered":"<p><strong>Am Freitag teilte der Presseschef des Premierministers dem Regierungsnachrichtenportal kormany.hu mit, dass \u201eder Pr\u00e4sident der Vereinigten Staaten, Donald Trump, einen Brief an Premierminister Viktor Orb\u00e1n geschrieben hat, in dem er ihm f\u00fcr seine Gl\u00fcckwunschbotschaft zur Amtseinf\u00fchrung des Pr\u00e4sidenten dankt.\u201c\u201d.<\/strong><\/p>\n<p>In seinem Brief schrieb Pr\u00e4sident Trump, dass er die Unterst\u00fctzung und Ermutigung des ungarischen Premierministers sehr sch\u00e4tze \u201cWir stehen vor Herausforderungen, die wir meiner \u00dcberzeugung nach gemeinsam, durch Partnerschaft, bew\u00e4ltigen k\u00f6nnen. Wir haben jedoch auch gro\u00dfe Chancen, auf dem Weg zur Erreichung unserer gemeinsamen Ziele voranzukommen\u201d, schrieb Pr\u00e4sident Trump in seinem Brief an Premierminister Orb\u00e1n.<\/p>\n<p><em>Foto: MTI\/AP\/Susan Walsh<\/em><\/p>\n","protected":false},"excerpt":{"rendered":"<p>Am Freitag teilte der Presseschef des Premierministers dem Regierungsnachrichtenportal kormany.hu mit, dass \u201eder Pr\u00e4sident der Vereinigten Staaten, Donald Trump, einen Brief an Premierminister Viktor Orb\u00e1n geschrieben hat, in dem er ihm f\u00fcr seine Gl\u00fcckwunschbotschaft zur Amtseinf\u00fchrung des Pr\u00e4sidenten dankt.\u201c\u201d. In seinem Brief schrieb Pr\u00e4sident Trump, dass er die Unterst\u00fctzung und Ermutigung des ungarischen Premierministers sehr [&hellip;]<\/p>\n","protected":false},"author":2,"featured_media":750978,"comment_status":"open","ping_status":"open","sticky":false,"template":"","format":"standard","meta":{"_acf_changed":false,"_display_image":"","footnotes":""},"categories":[1081],"tags":[1577,1128],"class_list":["post-750977","post","type-post","status-publish","format-standard","has-post-thumbnail","hentry","category-politik","tag-vereinigten-staaten","tag-viktor-orban"],"blocksy_meta":[],"acf":[],"author_username":"alk","telegram_post":"","public_post_metadata":{"breaking_news":"","important":"","csempe":"","center_tile":"","disable_thumbnail":"","target_lang":"","_featured_image_style":"","telegram_post":"","_xlat_group_id":""},"public_rank_math_data":{"title":"%title% %sep% %sitename%","description":"","focus_keyword":"Trump Orb\u00e1n","canonical_url":"","robots":"","primary_category":"1081","breadcrumb_title":"","facebook_title":"","facebook_description":"","facebook_image":"","facebook_image_id":"","twitter_title":"","twitter_description":"","twitter_image":"","twitter_image_id":"","twitter_card_type":"","twitter_use_facebook":"","advanced_robots":"","pillar_content":"","seo_score":"9","contentai_score":"","rich_snippet":""},"_links":{"self":[{"href":"https:\/\/dailynewshungary.com\/de\/wp-json\/wp\/v2\/posts\/750977","targetHints":{"allow":["GET"]}}],"collection":[{"href":"https:\/\/dailynewshungary.com\/de\/wp-json\/wp\/v2\/posts"}],"about":[{"href":"https:\/\/dailynewshungary.com\/de\/wp-json\/wp\/v2\/types\/post"}],"author":[{"embeddable":true,"href":"https:\/\/dailynewshungary.com\/de\/wp-json\/wp\/v2\/users\/2"}],"replies":[{"embeddable":true,"href":"https:\/\/dailynewshungary.com\/de\/wp-json\/wp\/v2\/comments?post=750977"}],"version-history":[{"count":0,"href":"https:\/\/dailynewshungary.com\/de\/wp-json\/wp\/v2\/posts\/750977\/revisions"}],"wp:featuredmedia":[{"embeddable":true,"href":"https:\/\/dailynewshungary.com\/de\/wp-json\/wp\/v2\/media\/750978"}],"wp:attachment":[{"href":"https:\/\/dailynewshungary.com\/de\/wp-json\/wp\/v2\/media?parent=750977"}],"wp:term":[{"taxonomy":"category","embeddable":true,"href":"https:\/\/dailynewshungary.com\/de\/wp-json\/wp\/v2\/categories?post=750977"},{"taxonomy":"post_tag","embeddable":true,"href":"https:\/\/dailynewshungary.com\/de\/wp-json\/wp\/v2\/tags?post=750977"}],"curies":[{"name":"wp","href":"https:\/\/api.w.org\/{rel}","templated":true}]}}