{"id":751032,"date":"2017-02-23T08:00:11","date_gmt":"2017-02-23T07:00:11","guid":{"rendered":"https:\/\/dailynewshungary.com\/de\/premierminister-orban-trifft-den-fuhrer-der-vojvodina-ungarn\/"},"modified":"2017-02-23T08:00:11","modified_gmt":"2017-02-23T07:00:11","slug":"premierminister-orban-trifft-den-fuhrer-der-vojvodina-ungarn","status":"publish","type":"post","link":"https:\/\/dailynewshungary.com\/de\/premierminister-orban-trifft-den-fuhrer-der-vojvodina-ungarn\/","title":{"rendered":"Premierminister Orb\u00e1n trifft den F\u00fchrer der Vojvodina-Ungarn"},"content":{"rendered":"<p><strong>Budapest (MTI) \u201eMinisterpr\u00e4sident Viktor Orb\u00e1n f\u00fchrte am Donnerstag in Budapest Gespr\u00e4che mit Istv\u00e1n P\u00e1sztor, dem F\u00fchrer der Allianz der Vojvodina-Ungarn (VMSZ), sagte Orbans Pressechef.<\/strong><\/p>\n<p>P\u00e1sztor informierte Orb\u00e1n \u00fcber die bevorstehenden Pr\u00e4sidentschaftswahlen in Serbien und nahm die Entscheidung des VMSZ-Rates zur Kenntnis, Aleksandar Vucic, den derzeitigen Premierminister, als Kandidaten f\u00fcr den n\u00e4chsten Pr\u00e4sidenten des Nachbarlandes zu unterst\u00fctzen, sagte Bertalan Havasi.<\/p>\n<p>VMSZ habe beschlossen, Vucic zu unterst\u00fctzen, da es die Aufrechterhaltung der politischen Stabilit\u00e4t in Serbien f\u00fcr das wichtigste Ziel halte, sagte P\u00e1sztor.<\/p>\n<p>Die einzige \u201crationale\u201d Garantie f\u00fcr die Durchsetzung der Interessen der ungarischen Gemeinschaft in der Vojvodina liege in der Aufrechterhaltung und vollst\u00e4ndigen Umsetzung des 2016 unterzeichneten Koalitionsvertrags, sagte er.<\/p>\n<p>Bei den Gespr\u00e4chen teilte Orb\u00e1n P\u00e1sztor mit, dass er die Entscheidung von VMSZ unterst\u00fctze.<\/p>\n<p>Orb\u00e1n sagte, dass die wirtschaftliche, bildungsbezogene und kulturelle Entwicklung der ungarischen Gemeinschaften in den Nachbarl\u00e4ndern in den letzten Jahren einen Aufschwung genommen habe, \u00e4hnlich wie k\u00fcrzlich eine Verbesserung der ungarisch-serbischen Beziehungen, und f\u00fcgte hinzu, dass dies auf jeden Fall fortgesetzt werden m\u00fcsse.<\/p>\n<p>Orb\u00e1n und P\u00e1sztor waren sich einig, dass der Erfolg der Prosperitati-Stiftung zur F\u00f6rderung der regionalen und gemeinschaftlichen Entwicklung in der Vojvodina auf gegenseitigem Vertrauen beruhte und dass die Organisation bei der effektiven Verwaltung des dreij\u00e4hrigen Zuschussprogramms der ungarischen Regierung herausragend gewesen sei.<\/p>\n<p>Aufbauend auf diesen Erfolgen werde die ungarische Regierung der strategische Partner von VMSZ bleiben, sagte Havasi.<\/p>\n","protected":false},"excerpt":{"rendered":"<p>Budapest (MTI) \u201eMinisterpr\u00e4sident Viktor Orb\u00e1n f\u00fchrte am Donnerstag in Budapest Gespr\u00e4che mit Istv\u00e1n P\u00e1sztor, dem F\u00fchrer der Allianz der Vojvodina-Ungarn (VMSZ), sagte Orbans Pressechef. P\u00e1sztor informierte Orb\u00e1n \u00fcber die bevorstehenden Pr\u00e4sidentschaftswahlen in Serbien und nahm die Entscheidung des VMSZ-Rates zur Kenntnis, Aleksandar Vucic, den derzeitigen Premierminister, als Kandidaten f\u00fcr den n\u00e4chsten Pr\u00e4sidenten des Nachbarlandes zu [&hellip;]<\/p>\n","protected":false},"author":2,"featured_media":751033,"comment_status":"open","ping_status":"open","sticky":false,"template":"","format":"standard","meta":{"_acf_changed":false,"_display_image":"","footnotes":""},"categories":[1081],"tags":[1488,1130,1128],"class_list":["post-751032","post","type-post","status-publish","format-standard","has-post-thumbnail","hentry","category-politik","tag-serbia","tag-ungarn-im-ausland","tag-viktor-orban"],"blocksy_meta":[],"acf":[],"author_username":"alk","telegram_post":"","public_post_metadata":{"breaking_news":"","important":"","csempe":"","center_tile":"","disable_thumbnail":"","target_lang":"","_featured_image_style":"","telegram_post":"","_xlat_group_id":""},"public_rank_math_data":{"title":"%title% %sep% %sitename%","description":"","focus_keyword":"Vojvodina","canonical_url":"","robots":"","primary_category":"1081","breadcrumb_title":"","facebook_title":"","facebook_description":"","facebook_image":"","facebook_image_id":"","twitter_title":"","twitter_description":"","twitter_image":"","twitter_image_id":"","twitter_card_type":"","twitter_use_facebook":"","advanced_robots":"","pillar_content":"","seo_score":"54","contentai_score":"","rich_snippet":""},"_links":{"self":[{"href":"https:\/\/dailynewshungary.com\/de\/wp-json\/wp\/v2\/posts\/751032","targetHints":{"allow":["GET"]}}],"collection":[{"href":"https:\/\/dailynewshungary.com\/de\/wp-json\/wp\/v2\/posts"}],"about":[{"href":"https:\/\/dailynewshungary.com\/de\/wp-json\/wp\/v2\/types\/post"}],"author":[{"embeddable":true,"href":"https:\/\/dailynewshungary.com\/de\/wp-json\/wp\/v2\/users\/2"}],"replies":[{"embeddable":true,"href":"https:\/\/dailynewshungary.com\/de\/wp-json\/wp\/v2\/comments?post=751032"}],"version-history":[{"count":0,"href":"https:\/\/dailynewshungary.com\/de\/wp-json\/wp\/v2\/posts\/751032\/revisions"}],"wp:featuredmedia":[{"embeddable":true,"href":"https:\/\/dailynewshungary.com\/de\/wp-json\/wp\/v2\/media\/751033"}],"wp:attachment":[{"href":"https:\/\/dailynewshungary.com\/de\/wp-json\/wp\/v2\/media?parent=751032"}],"wp:term":[{"taxonomy":"category","embeddable":true,"href":"https:\/\/dailynewshungary.com\/de\/wp-json\/wp\/v2\/categories?post=751032"},{"taxonomy":"post_tag","embeddable":true,"href":"https:\/\/dailynewshungary.com\/de\/wp-json\/wp\/v2\/tags?post=751032"}],"curies":[{"name":"wp","href":"https:\/\/api.w.org\/{rel}","templated":true}]}}