{"id":751063,"date":"2017-02-21T23:40:07","date_gmt":"2017-02-21T22:40:07","guid":{"rendered":"https:\/\/dailynewshungary.com\/de\/ungarischer-premierminister-trifft-syrischen-patriarchen\/"},"modified":"2017-02-21T23:40:07","modified_gmt":"2017-02-21T22:40:07","slug":"ungarischer-premierminister-trifft-syrischen-patriarchen","status":"publish","type":"post","link":"https:\/\/dailynewshungary.com\/de\/ungarischer-premierminister-trifft-syrischen-patriarchen\/","title":{"rendered":"Ungarischer Premierminister trifft syrischen Patriarchen"},"content":{"rendered":"<p><strong>Budapest, 21. Februar (MTI) \u2013 Premierminister Viktor Orb\u00e1n begr\u00fc\u00dfte am Dienstag das Oberhaupt der Syrisch-Orthodoxen Kirche, Patriarch Ephraim Ignatius II., zu einem Arbeitsessen in Budapest.<\/strong><\/p>\n<p>Der Schwerpunkt ihrer Gespr\u00e4che lag darauf, Christen im Nahen Osten dabei zu helfen, in ihrem Heimatland zu bleiben und ihre R\u00fcckkehr in die befreiten Gebiete zu erleichtern, sagte der Presseschef des Premierministers, Bertalan Havasi, gegen\u00fcber MTI.<\/p>\n<p>Orb\u00e1n versprach Hilfe beim Bau von Universit\u00e4tseinrichtungen in Syrien und beim Wiederaufbau zerst\u00f6rter D\u00f6rfer im Irak, sagte er.<\/p>\n<p>An dem Treffen nahmen auch der stellvertretende Ministerpr\u00e4sident Zsolt Semj\u00e9n und Personalminister Zolt\u00e1n Balog teil.<\/p>\n<p>Zum Budapester Programm des Patriarchen geh\u00f6rt es, am Mittwoch eine Rede an der Katholischen Universit\u00e4t P\u00e9ter P\u00e1zm\u00e1ny zu halten.<\/p>\n<p><em>Foto: MTI<\/em><\/p>\n","protected":false},"excerpt":{"rendered":"<p>Budapest, 21. Februar (MTI) \u2013 Premierminister Viktor Orb\u00e1n begr\u00fc\u00dfte am Dienstag das Oberhaupt der Syrisch-Orthodoxen Kirche, Patriarch Ephraim Ignatius II., zu einem Arbeitsessen in Budapest. Der Schwerpunkt ihrer Gespr\u00e4che lag darauf, Christen im Nahen Osten dabei zu helfen, in ihrem Heimatland zu bleiben und ihre R\u00fcckkehr in die befreiten Gebiete zu erleichtern, sagte der Presseschef [&hellip;]<\/p>\n","protected":false},"author":2,"featured_media":751064,"comment_status":"open","ping_status":"open","sticky":false,"template":"","format":"standard","meta":{"_acf_changed":false,"_display_image":"","footnotes":""},"categories":[1151],"tags":[1094,1580,1134,1128],"class_list":["post-751063","post","type-post","status-publish","format-standard","has-post-thumbnail","hentry","category-kulturen","tag-asien","tag-naher-osten","tag-religion","tag-viktor-orban"],"blocksy_meta":[],"acf":[],"author_username":"alk","telegram_post":"","public_post_metadata":{"breaking_news":"","important":"","csempe":"","center_tile":"","disable_thumbnail":"","target_lang":"","_featured_image_style":"","telegram_post":"","_xlat_group_id":""},"public_rank_math_data":{"title":"%title% %sep% %sitename%","description":"","focus_keyword":"Syrischer Patriarch","canonical_url":"","robots":"","primary_category":"1151","breadcrumb_title":"","facebook_title":"","facebook_description":"","facebook_image":"","facebook_image_id":"","twitter_title":"","twitter_description":"","twitter_image":"","twitter_image_id":"","twitter_card_type":"","twitter_use_facebook":"","advanced_robots":"","pillar_content":"","seo_score":"46","contentai_score":"","rich_snippet":""},"_links":{"self":[{"href":"https:\/\/dailynewshungary.com\/de\/wp-json\/wp\/v2\/posts\/751063","targetHints":{"allow":["GET"]}}],"collection":[{"href":"https:\/\/dailynewshungary.com\/de\/wp-json\/wp\/v2\/posts"}],"about":[{"href":"https:\/\/dailynewshungary.com\/de\/wp-json\/wp\/v2\/types\/post"}],"author":[{"embeddable":true,"href":"https:\/\/dailynewshungary.com\/de\/wp-json\/wp\/v2\/users\/2"}],"replies":[{"embeddable":true,"href":"https:\/\/dailynewshungary.com\/de\/wp-json\/wp\/v2\/comments?post=751063"}],"version-history":[{"count":0,"href":"https:\/\/dailynewshungary.com\/de\/wp-json\/wp\/v2\/posts\/751063\/revisions"}],"wp:featuredmedia":[{"embeddable":true,"href":"https:\/\/dailynewshungary.com\/de\/wp-json\/wp\/v2\/media\/751064"}],"wp:attachment":[{"href":"https:\/\/dailynewshungary.com\/de\/wp-json\/wp\/v2\/media?parent=751063"}],"wp:term":[{"taxonomy":"category","embeddable":true,"href":"https:\/\/dailynewshungary.com\/de\/wp-json\/wp\/v2\/categories?post=751063"},{"taxonomy":"post_tag","embeddable":true,"href":"https:\/\/dailynewshungary.com\/de\/wp-json\/wp\/v2\/tags?post=751063"}],"curies":[{"name":"wp","href":"https:\/\/api.w.org\/{rel}","templated":true}]}}