{"id":751196,"date":"2017-02-17T09:50:56","date_gmt":"2017-02-17T08:50:56","guid":{"rendered":"https:\/\/dailynewshungary.com\/de\/oberster-gerichtsleiter-fordert-eine-engere-zusammenarbeit-zwischen-den-gerichten-in-der-eu\/"},"modified":"2017-02-17T09:50:56","modified_gmt":"2017-02-17T08:50:56","slug":"oberster-gerichtsleiter-fordert-eine-engere-zusammenarbeit-zwischen-den-gerichten-in-der-eu","status":"publish","type":"post","link":"https:\/\/dailynewshungary.com\/de\/oberster-gerichtsleiter-fordert-eine-engere-zusammenarbeit-zwischen-den-gerichten-in-der-eu\/","title":{"rendered":"Oberster Gerichtsleiter fordert eine engere Zusammenarbeit zwischen den Gerichten in der EU"},"content":{"rendered":"<p><strong>Budapest (MTI) \u201eEs bedarf einer engeren Zusammenarbeit zwischen den Verfassungsgerichten der Europ\u00e4ischen Union, um Probleme im Zusammenhang mit dem Verh\u00e4ltnis von EU-Recht und verfassungsm\u00e4\u00dfigem Umfeld der Mitgliedstaaten zueinander zu l\u00f6sen, sagte der Leiter des ungarischen Verfassungsgerichts am Donnerstag nach einem Gipfeltreffen der obersten Gerichte der Visegrad-Gruppe (V4).<\/strong><\/p>\n<p>Die Tschechische Republik, Ungarn, Polen und die Slowakei traten 2004 gleichzeitig der EU bei und \u00fcbertrugen bestimmte Befugnisse auf die EU, um gemeinsame Ziele zu erreichen, bemerkte Tamas Sulyok. Gleichzeitig traten bestimmte Verpflichtungen und Aufgaben in ihre Rechtssysteme ein, was das Problem des Vorrangs und der Konflikte zwischen dem EU-Recht und den Verfassungssystemen der Mitgliedstaaten zur Sprache brachte, f\u00fcgte er hinzu.<\/p>\n<p>Das Verh\u00e4ltnis zwischen den Rechtssystemen der EU und ihren Mitgliedstaaten beschr\u00e4nke sich nicht nur auf Unterordnung oder Vorrang; Sie seien teilweise auf Augenh\u00f6he, in einem Netzwerk, das durch kontinuierlichen Dialog verbessert werden k\u00f6nne, sagte Sulyok. Ziel der Organisation des Gipfels sei es, einen solchen Dialog zu f\u00f6rdern, f\u00fcgte er hinzu.<\/p>\n<p>Der Leiter des tschechischen Verfassungsgerichts Pavel Rychetsky sagte, dass die Schaffung eines Gleichgewichts zwischen der Priorit\u00e4t des EU-Rechts und \u201cden unantastbaren Tugenden\u201d der Rechtssysteme der Mitgliedstaaten eines der kritischsten Probleme sei, mit denen die EU konfrontiert sei \u201cWir stehen an einem Scheideweg und wir m\u00fcssen den Weg nach vorne finden\u201d, f\u00fcgte er hinzu.<\/p>\n<p><em>Foto: <\/em>frsz<em>.hu<\/em><\/p>\n","protected":false},"excerpt":{"rendered":"<p>Budapest (MTI) \u201eEs bedarf einer engeren Zusammenarbeit zwischen den Verfassungsgerichten der Europ\u00e4ischen Union, um Probleme im Zusammenhang mit dem Verh\u00e4ltnis von EU-Recht und verfassungsm\u00e4\u00dfigem Umfeld der Mitgliedstaaten zueinander zu l\u00f6sen, sagte der Leiter des ungarischen Verfassungsgerichts am Donnerstag nach einem Gipfeltreffen der obersten Gerichte der Visegrad-Gruppe (V4). Die Tschechische Republik, Ungarn, Polen und die Slowakei [&hellip;]<\/p>\n","protected":false},"author":2,"featured_media":751197,"comment_status":"open","ping_status":"open","sticky":false,"template":"","format":"standard","meta":{"_acf_changed":false,"_display_image":"","footnotes":""},"categories":[1081],"tags":[1082,1326],"class_list":["post-751196","post","type-post","status-publish","format-standard","has-post-thumbnail","hentry","category-politik","tag-europaische-union","tag-gericht"],"blocksy_meta":[],"acf":[],"author_username":"alk","telegram_post":"","public_post_metadata":{"breaking_news":"","important":"","csempe":"","center_tile":"","disable_thumbnail":"","target_lang":"","_featured_image_style":"","telegram_post":"","_xlat_group_id":""},"public_rank_math_data":{"title":"%title% %sep% %sitename%","description":"","focus_keyword":"Gerichten","canonical_url":"","robots":"","primary_category":"1081","breadcrumb_title":"","facebook_title":"","facebook_description":"","facebook_image":"","facebook_image_id":"","twitter_title":"","twitter_description":"","twitter_image":"","twitter_image_id":"","twitter_card_type":"","twitter_use_facebook":"","advanced_robots":"","pillar_content":"","seo_score":"51","contentai_score":"","rich_snippet":""},"_links":{"self":[{"href":"https:\/\/dailynewshungary.com\/de\/wp-json\/wp\/v2\/posts\/751196","targetHints":{"allow":["GET"]}}],"collection":[{"href":"https:\/\/dailynewshungary.com\/de\/wp-json\/wp\/v2\/posts"}],"about":[{"href":"https:\/\/dailynewshungary.com\/de\/wp-json\/wp\/v2\/types\/post"}],"author":[{"embeddable":true,"href":"https:\/\/dailynewshungary.com\/de\/wp-json\/wp\/v2\/users\/2"}],"replies":[{"embeddable":true,"href":"https:\/\/dailynewshungary.com\/de\/wp-json\/wp\/v2\/comments?post=751196"}],"version-history":[{"count":0,"href":"https:\/\/dailynewshungary.com\/de\/wp-json\/wp\/v2\/posts\/751196\/revisions"}],"wp:featuredmedia":[{"embeddable":true,"href":"https:\/\/dailynewshungary.com\/de\/wp-json\/wp\/v2\/media\/751197"}],"wp:attachment":[{"href":"https:\/\/dailynewshungary.com\/de\/wp-json\/wp\/v2\/media?parent=751196"}],"wp:term":[{"taxonomy":"category","embeddable":true,"href":"https:\/\/dailynewshungary.com\/de\/wp-json\/wp\/v2\/categories?post=751196"},{"taxonomy":"post_tag","embeddable":true,"href":"https:\/\/dailynewshungary.com\/de\/wp-json\/wp\/v2\/tags?post=751196"}],"curies":[{"name":"wp","href":"https:\/\/api.w.org\/{rel}","templated":true}]}}