{"id":751208,"date":"2017-02-16T18:30:12","date_gmt":"2017-02-16T17:30:12","guid":{"rendered":"https:\/\/dailynewshungary.com\/de\/berater-von-orban-neues-migrationsgesetz-zur-reduzierung-des-sicherheitsrisikos-in-ungarn-eu\/"},"modified":"2017-02-16T18:30:12","modified_gmt":"2017-02-16T17:30:12","slug":"berater-von-orban-neues-migrationsgesetz-zur-reduzierung-des-sicherheitsrisikos-in-ungarn-eu","status":"publish","type":"post","link":"https:\/\/dailynewshungary.com\/de\/berater-von-orban-neues-migrationsgesetz-zur-reduzierung-des-sicherheitsrisikos-in-ungarn-eu\/","title":{"rendered":"Berater von Orb\u00e1n: Neues Migrationsgesetz zur Reduzierung des Sicherheitsrisikos in Ungarn, EU"},"content":{"rendered":"<p><strong>Visegr\u00e1d, 16. Februar (MTI) \u201eDer von der Regierung initiierte Gesetzentwurf zur \u201eVerst\u00e4rkung des gesetzlichen Grenzsiegels\u201czielt darauf ab, die illegale Einreise und Bewegung von Menschen mit \u201eunbekannter Identit\u00e4t und Motivation\u201d zu verhindern, die ein Sicherheitsrisiko f\u00fcr Ungarn und Ungarn darstellen w\u00fcrden. \u201eEurop\u00e4ische Union, sagte der oberste Sicherheitsberater des Premierministers am Donnerstag.<\/strong><\/p>\n<p>Am Rande eines Treffens der regierenden Fidesz- und christdemokratischen Gesetzgeber in Visegr\u00e1d n\u00f6rdlich von Budapest sagte Gy\u00f6rgy Bakondi, dass die neuen Regeln im Falle einer Verabschiedung durch das Parlament \u201ein Notf\u00e4llen, die durch Massenmigration verursacht werden\u201cangewendet w\u00fcrden\u201d.<\/p>\n<p>Nach dem neuen Gesetz werden Asylbewerber als Personen betrachtet, die sich w\u00e4hrend des gesamten Verfahrens illegal im Land aufhalten, bis ihre Antr\u00e4ge gepr\u00fcft werden, sagte BakondiEr bestand darauf, dass Antragsteller nicht in Haft sein w\u00fcrden, weil \u201csie die Transitzone f\u00fcr Serbien jederzeit verlassen d\u00fcrfen\u201d Diejenigen, die die Transitzone ohne Erlaubnis nach Ungarn verlassen, werden jedoch mit Haft rechnen m\u00fcssenf\u00fcgte er hinzu.<\/p>\n<p>Bakondi wies darauf hin, dass es derzeit zwei solcher Transitzonen entlang der S\u00fcdgrenzen Ungarns gebe, und sagte, dass die Regierung zwar nicht die Einrichtung weiterer Einrichtungen plane, es aber Vorkehrungen treffen werde, um mehr Migranten Unterkunft und Verpflegung zu bieten.<\/p>\n<p>Seit Anfang des Jahres habe Ungarns Grenzpolizei 2300 Migranten an der illegalen Einreise gehindert und 1900 auf der ungarischen Seite der Grenze aufgegriffen, letztere seien auf die andere Seite der Grenze zur\u00fcckgeschickt worden, sagte erEs haben insgesamt 752 Asylbewerber Antr\u00e4ge gestellt, von denen 34 irgendeine Form von Fl\u00fcchtlingsstatus zuerkannt wurde, f\u00fcgte Bakondi hinzu.<\/p>\n<p>J\u00e1nos Hal\u00e1sz-Sprecher der Fidesz-Fraktion brachte die Unterst\u00fctzung seiner Partei f\u00fcr die Gesetzes\u00e4nderungen zum Ausdruck und sagte, dass der Gesetzentwurf im Einklang mit europ\u00e4ischem Recht ausgearbeitet worden sei. Er bestand darauf, dass auch die EU von den ungarischen Vorschriften profitieren w\u00fcrde, da sie zur Sicherheit in Europa beitragen w\u00fcrden \u201eAber wir kennen den Ansatz der Br\u00fcsseler B\u00fcrokraten\u201csagte Hal\u00e1sz und schlug vor, dass die EU das Paket pr\u00fcfen w\u00fcrde.<\/p>\n","protected":false},"excerpt":{"rendered":"<p>Visegr\u00e1d, 16. Februar (MTI) \u201eDer von der Regierung initiierte Gesetzentwurf zur \u201eVerst\u00e4rkung des gesetzlichen Grenzsiegels\u201czielt darauf ab, die illegale Einreise und Bewegung von Menschen mit \u201eunbekannter Identit\u00e4t und Motivation\u201d zu verhindern, die ein Sicherheitsrisiko f\u00fcr Ungarn und Ungarn darstellen w\u00fcrden. \u201eEurop\u00e4ische Union, sagte der oberste Sicherheitsberater des Premierministers am Donnerstag. Am Rande eines Treffens der [&hellip;]<\/p>\n","protected":false},"author":2,"featured_media":751209,"comment_status":"open","ping_status":"open","sticky":false,"template":"","format":"standard","meta":{"_acf_changed":false,"_display_image":"","footnotes":""},"categories":[1081],"tags":[1082,1445],"class_list":["post-751208","post","type-post","status-publish","format-standard","has-post-thumbnail","hentry","category-politik","tag-europaische-union","tag-migration"],"blocksy_meta":[],"acf":[],"author_username":"alk","telegram_post":"","public_post_metadata":{"breaking_news":"","important":"","csempe":"","center_tile":"","disable_thumbnail":"","target_lang":"","_featured_image_style":"","telegram_post":"","_xlat_group_id":""},"public_rank_math_data":{"title":"%title% %sep% %sitename%","description":"","focus_keyword":"Migration","canonical_url":"","robots":"","primary_category":"1081","breadcrumb_title":"","facebook_title":"","facebook_description":"","facebook_image":"","facebook_image_id":"","twitter_title":"","twitter_description":"","twitter_image":"","twitter_image_id":"","twitter_card_type":"","twitter_use_facebook":"","advanced_robots":"","pillar_content":"","seo_score":"51","contentai_score":"","rich_snippet":""},"_links":{"self":[{"href":"https:\/\/dailynewshungary.com\/de\/wp-json\/wp\/v2\/posts\/751208","targetHints":{"allow":["GET"]}}],"collection":[{"href":"https:\/\/dailynewshungary.com\/de\/wp-json\/wp\/v2\/posts"}],"about":[{"href":"https:\/\/dailynewshungary.com\/de\/wp-json\/wp\/v2\/types\/post"}],"author":[{"embeddable":true,"href":"https:\/\/dailynewshungary.com\/de\/wp-json\/wp\/v2\/users\/2"}],"replies":[{"embeddable":true,"href":"https:\/\/dailynewshungary.com\/de\/wp-json\/wp\/v2\/comments?post=751208"}],"version-history":[{"count":0,"href":"https:\/\/dailynewshungary.com\/de\/wp-json\/wp\/v2\/posts\/751208\/revisions"}],"wp:featuredmedia":[{"embeddable":true,"href":"https:\/\/dailynewshungary.com\/de\/wp-json\/wp\/v2\/media\/751209"}],"wp:attachment":[{"href":"https:\/\/dailynewshungary.com\/de\/wp-json\/wp\/v2\/media?parent=751208"}],"wp:term":[{"taxonomy":"category","embeddable":true,"href":"https:\/\/dailynewshungary.com\/de\/wp-json\/wp\/v2\/categories?post=751208"},{"taxonomy":"post_tag","embeddable":true,"href":"https:\/\/dailynewshungary.com\/de\/wp-json\/wp\/v2\/tags?post=751208"}],"curies":[{"name":"wp","href":"https:\/\/api.w.org\/{rel}","templated":true}]}}