{"id":751260,"date":"2017-02-15T09:30:47","date_gmt":"2017-02-15T08:30:47","guid":{"rendered":"https:\/\/dailynewshungary.com\/de\/ungarisches-militar-soll-entscheidende-kraftin-der-region-sein-sagt-verteidigungsminister\/"},"modified":"2017-02-15T09:30:47","modified_gmt":"2017-02-15T08:30:47","slug":"ungarisches-militar-soll-entscheidende-kraftin-der-region-sein-sagt-verteidigungsminister","status":"publish","type":"post","link":"https:\/\/dailynewshungary.com\/de\/ungarisches-militar-soll-entscheidende-kraftin-der-region-sein-sagt-verteidigungsminister\/","title":{"rendered":"Ungarisches Milit\u00e4r soll \u201eentscheidende Kraft\u201cin der Region sein, sagt Verteidigungsminister"},"content":{"rendered":"<p><strong>Budapest (MTI) \u201eAuch die Regierung m\u00f6chte das ungarische Milit\u00e4r zu einer der \u201eentscheidendsten\u201cArmeen in der Region machen, sagte der Verteidigungsminister am Dienstag.<\/strong><\/p>\n<p>Bei einem Treffen hochrangiger Milit\u00e4roffiziere sagte Istv\u00e1n Simicsk\u00f3, dass das Potenzial der Volkswirtschaft M\u00f6glichkeiten \u201ein den letzten 25 Jahren beispiellos\u201cgew\u00e4hrleistet, die Streitkr\u00e4fte auszubauen. Er sagte, sein Ministerium habe mittel- und langfristige Strategien ausgearbeitet, um die Armee in die Lage zu versetzen, angemessene Antworten auf \u201eHerausforderungen der Gegenwart und Zukunft\u201d zu geben.<\/p>\n<p>Im Rahmen dieses Programms, das als Zr\u00ednyi 2026 bezeichnet wird, werde die Regierung die pers\u00f6nliche Ausr\u00fcstung der Soldaten in Bezug auf Kleidung und Waffen \u00e4ndern und die Luftwaffe modernisieren, sagte der Minister.<\/p>\n<p>Simicsk\u00f3 sagte, dass das Milit\u00e4r rund 15.000 Soldaten zu den Grenzkontrollbem\u00fchungen Ungarns beigetragen habe. Im Jahr 2016 nahmen die ungarischen Streitkr\u00e4fte an rund 40 internationalen \u00dcbungen teil, w\u00e4hrend etwa 1.000 Soldaten in internationalen Missionen gedient hatten.<\/p>\n<p style=\"text-align: center;\">&nbsp;<iframe loading=\"lazy\" style=\"border: none; overflow: hidden;\" src=\"https:\/\/www.facebook.com\/plugins\/post.php?href=https%3A%2F%2Fwww.facebook.com%2Fdailynewshungary%2Fposts%2F1237424902959745&amp;width=500\" width=\"500\" height=\"499\" frameborder=\"0\" scrolling=\"no\"><\/iframe><\/p>\n<p>Bez\u00fcglich der freiwilligen Reservetruppe Ungarns von 5.300 Mann sagte Simicsk\u00f3, dass das Korps zu einem nationalen Netzwerk mit Einheiten in jedem Bezirk des Landes ausgebaut werde.<\/p>\n<p>Simicsk\u00f3 sagte, dass die Regierung die Arbeit der Soldaten sehr sch\u00e4tze und f\u00fcgte hinzu, dass ihre Geh\u00e4lter seit 2015 um 40 Prozent angehoben wurden.<\/p>\n<p><em>Foto: K\u00e1roly \u00c1rvai \/ Kabinettsb\u00fcro des Premierministers<\/em><\/p>\n","protected":false},"excerpt":{"rendered":"<p>Budapest (MTI) \u201eAuch die Regierung m\u00f6chte das ungarische Milit\u00e4r zu einer der \u201eentscheidendsten\u201cArmeen in der Region machen, sagte der Verteidigungsminister am Dienstag. Bei einem Treffen hochrangiger Milit\u00e4roffiziere sagte Istv\u00e1n Simicsk\u00f3, dass das Potenzial der Volkswirtschaft M\u00f6glichkeiten \u201ein den letzten 25 Jahren beispiellos\u201cgew\u00e4hrleistet, die Streitkr\u00e4fte auszubauen. Er sagte, sein Ministerium habe mittel- und langfristige Strategien ausgearbeitet, [&hellip;]<\/p>\n","protected":false},"author":2,"featured_media":751261,"comment_status":"open","ping_status":"open","sticky":false,"template":"","format":"standard","meta":{"_acf_changed":false,"_display_image":"","footnotes":""},"categories":[1081],"tags":[1203],"class_list":["post-751260","post","type-post","status-publish","format-standard","has-post-thumbnail","hentry","category-politik","tag-armee"],"blocksy_meta":[],"acf":[],"author_username":"alk","telegram_post":"","public_post_metadata":{"breaking_news":"","important":"","csempe":"","center_tile":"","disable_thumbnail":"","target_lang":"","_featured_image_style":"","telegram_post":"","_xlat_group_id":""},"public_rank_math_data":{"title":"%title% %sep% %sitename%","description":"","focus_keyword":"Milit\u00e4r Ungarn","canonical_url":"","robots":"","primary_category":"1081","breadcrumb_title":"","facebook_title":"","facebook_description":"","facebook_image":"","facebook_image_id":"","twitter_title":"","twitter_description":"","twitter_image":"","twitter_image_id":"","twitter_card_type":"","twitter_use_facebook":"","advanced_robots":"","pillar_content":"","seo_score":"3","contentai_score":"","rich_snippet":""},"_links":{"self":[{"href":"https:\/\/dailynewshungary.com\/de\/wp-json\/wp\/v2\/posts\/751260","targetHints":{"allow":["GET"]}}],"collection":[{"href":"https:\/\/dailynewshungary.com\/de\/wp-json\/wp\/v2\/posts"}],"about":[{"href":"https:\/\/dailynewshungary.com\/de\/wp-json\/wp\/v2\/types\/post"}],"author":[{"embeddable":true,"href":"https:\/\/dailynewshungary.com\/de\/wp-json\/wp\/v2\/users\/2"}],"replies":[{"embeddable":true,"href":"https:\/\/dailynewshungary.com\/de\/wp-json\/wp\/v2\/comments?post=751260"}],"version-history":[{"count":0,"href":"https:\/\/dailynewshungary.com\/de\/wp-json\/wp\/v2\/posts\/751260\/revisions"}],"wp:featuredmedia":[{"embeddable":true,"href":"https:\/\/dailynewshungary.com\/de\/wp-json\/wp\/v2\/media\/751261"}],"wp:attachment":[{"href":"https:\/\/dailynewshungary.com\/de\/wp-json\/wp\/v2\/media?parent=751260"}],"wp:term":[{"taxonomy":"category","embeddable":true,"href":"https:\/\/dailynewshungary.com\/de\/wp-json\/wp\/v2\/categories?post=751260"},{"taxonomy":"post_tag","embeddable":true,"href":"https:\/\/dailynewshungary.com\/de\/wp-json\/wp\/v2\/tags?post=751260"}],"curies":[{"name":"wp","href":"https:\/\/api.w.org\/{rel}","templated":true}]}}