{"id":751500,"date":"2017-02-06T22:40:53","date_gmt":"2017-02-06T21:40:53","guid":{"rendered":"https:\/\/dailynewshungary.com\/de\/ungarische-regierung-migration-muss-weit-auserhalb-europas-gestoppt-werden\/"},"modified":"2017-02-06T22:40:53","modified_gmt":"2017-02-06T21:40:53","slug":"ungarische-regierung-migration-muss-weit-auserhalb-europas-gestoppt-werden","status":"publish","type":"post","link":"https:\/\/dailynewshungary.com\/de\/ungarische-regierung-migration-muss-weit-auserhalb-europas-gestoppt-werden\/","title":{"rendered":"Ungarische Regierung: Migration muss weit au\u00dferhalb Europas gestoppt werden"},"content":{"rendered":"<p><strong>\u201eDie letzte Woche auf dem EU-Gipfel in Malta angenommene gemeinsame Erkl\u00e4rung entspricht in jeder Hinsicht dem, was Ungarn in Bezug auf die St\u00e4rkung des Schutzes der europ\u00e4ischen Au\u00dfengrenzen und die Wiederherstellung von Recht und Ordnung entlang der Grenzgebiete der EU im Interesse der Verwaltung vorgeschlagen hat.\u201cdie Situation\u201d, sagte Zolt\u00e1n Kov\u00e1cs in London.<\/strong><\/p>\n<p>Der Regierungssprecher informierte britische und ungarische Reporter \u00fcber die au\u00dfenpolitischen Bem\u00fchungen der ungarischen Regierung und die Standpunkte der ungarischen Regierung zu au\u00dfenpolitischen Entwicklungen in der ungarischen Botschaft in London. \u201eDie ungarische Meinung, die zuvor als utopisch gebrandmarkt wurde und der zufolge die direkte Verteidigung der Grenzen Europas an sich nicht ausreicht, sondern die Migration sollte stattdessen weiter entfernt von den Grenzen und so nah wie m\u00f6glich an den Konfliktgebieten, die die Quelle der Migration sind, gestoppt werden.\u201cerkl\u00e4rt er.<\/p>\n<p>Laut Herrn Kov\u00e1cs begr\u00fc\u00dft die ungarische Regierung diese Anerkennung und h\u00e4lt sie f\u00fcr \u00e4u\u00dferst zeitgem\u00e4\u00df, doch ihrer Meinung nach ist diese Anerkennung nicht gleichbedeutend mit der Erf\u00fcllung der anstehenden Aufgabe: Die bisher abgegebenen Erkl\u00e4rungen sind noch sehr weit von tats\u00e4chlichen und wirksamen Erkl\u00e4rungen entfernt Ma\u00dfnahmen.<\/p>\n<p>Mit den Worten des Regierungssprechers \u201cObwohl der ungarischen Regierung der Grenzsicherungszaun auch nicht gef\u00e4llt\u201d hat er sich als wirksam erwiesen, denn er ist in der Lage, die illegale Einwanderung zu stoppen oder zumindest zu verlangsamen.<\/p>\n<p>\u201cOhne physische Grenzbarrieren k\u00f6nnten Menschenschmuggler ihre Gesch\u00e4fte mit mehreren Milliarden Euro ungehindert fortsetzen\u201d, f\u00fcgte er hinzu.<\/p>\n<p>Als geplante neue Ma\u00dfnahme erw\u00e4hnte Herr Kov\u00e1cs, dass sich Migranten, die offizielle Asylantr\u00e4ge stellen, in Zukunft auch nicht mehr frei auf dem Territorium Ungarns bewegen k\u00f6nnen, bis eine Entscheidung dar\u00fcber getroffen wird, ob sie Anspruch auf politisches Asyl oder Fl\u00fcchtlingsstatus haben. \u201eDie Ma\u00dfnahme wird angesichts des fr\u00fcheren Missbrauchs des Urteilswesens eingef\u00fchrt, bei dem viele Migranten nach Deutschland, Gro\u00dfbritannien oder Skandinavien weiterreisten, ohne auf die Bearbeitung ihrer Asylantr\u00e4ge zu warten und gleichzeitig die M\u00f6glichkeiten des Schengen-Raums (der keine Kontrollen an den Binnengrenzen hat) zu nutzen.\u201c\u201d, sagte er bei seiner \u00dcberpr\u00fcfung der aktuellen Situation in London am Montag.<\/p>\n<p>Im Zusammenhang mit den Wirtschaftsbeziehungen Ungarns zu Russland und dem j\u00fcngsten Besuch des russischen Pr\u00e4sidenten Wladimir Putin in Budapest erkl\u00e4rte der Regierungssprecher: \u201eDer Ausbau des Kernkraftwerks Paks und die Verl\u00e4ngerung der Lebensdauer der bestehenden Reaktoren dienen nicht nur den Interessen Ungarns.\u201cdenn es tr\u00e4gt auch zur Energieversorgungssicherheit der gesamten Region bei\u201d.<\/p>\n<p>In Bezug auf die Lage der ungarischen Wirtschaft sagte Herr Kov\u00e1cs gegen\u00fcber Reportern: \u201eDie in den letzten sechs Jahren eingef\u00fchrten Ma\u00dfnahmen haben das Land vom Rande des wirtschaftlichen Zusammenbruchs zur\u00fcckgebracht, die Arbeitslosenquote ist auf einem historischen Tiefstand und die Zahl der Menschen.\u201cDie Besch\u00e4ftigung \u00fcbersteigt den europ\u00e4ischen Durchschnitt\u201d. \u201eWir n\u00e4hern uns der Verwirklichung des 2010 erkl\u00e4rten politischen Ziels, innerhalb von zehn Jahren eine Million neue Arbeitspl\u00e4tze zu schaffen. 700 Tausend neue Arbeitspl\u00e4tze wurden innerhalb von sechs Jahren erfolgreich geschaffen, was bedeutet, dass das anteilige Ergebnis darauf hindeutet, dass das Ziel erreichbar ist, obwohl wir uns derzeit dabei befinden, den strukturellen Arbeitskr\u00e4ftemangel zu bew\u00e4ltigen, der als Ergebnis dieses Prozesses entstanden ist, unter anderem durch Umschulungsprogramme, sagte Herr Kovcs.\u201d.<\/p>\n","protected":false},"excerpt":{"rendered":"<p>\u201eDie letzte Woche auf dem EU-Gipfel in Malta angenommene gemeinsame Erkl\u00e4rung entspricht in jeder Hinsicht dem, was Ungarn in Bezug auf die St\u00e4rkung des Schutzes der europ\u00e4ischen Au\u00dfengrenzen und die Wiederherstellung von Recht und Ordnung entlang der Grenzgebiete der EU im Interesse der Verwaltung vorgeschlagen hat.\u201cdie Situation\u201d, sagte Zolt\u00e1n Kov\u00e1cs in London. Der Regierungssprecher informierte [&hellip;]<\/p>\n","protected":false},"author":2,"featured_media":751501,"comment_status":"open","ping_status":"open","sticky":false,"template":"","format":"standard","meta":{"_acf_changed":false,"_display_image":"","footnotes":""},"categories":[1081],"tags":[1082,1273,1445],"class_list":["post-751500","post","type-post","status-publish","format-standard","has-post-thumbnail","hentry","category-politik","tag-europaische-union","tag-grosbritannien","tag-migration"],"blocksy_meta":[],"acf":[],"author_username":"alk","telegram_post":"","public_post_metadata":{"breaking_news":"","important":"","csempe":"","center_tile":"","disable_thumbnail":"","target_lang":"","_featured_image_style":"","telegram_post":"","_xlat_group_id":""},"public_rank_math_data":{"title":"%title% %sep% %sitename%","description":"","focus_keyword":"Migration Ungarn Europa","canonical_url":"","robots":"","primary_category":"1081","breadcrumb_title":"","facebook_title":"","facebook_description":"","facebook_image":"","facebook_image_id":"","twitter_title":"","twitter_description":"","twitter_image":"","twitter_image_id":"","twitter_card_type":"","twitter_use_facebook":"","advanced_robots":"","pillar_content":"","seo_score":"2","contentai_score":"","rich_snippet":""},"_links":{"self":[{"href":"https:\/\/dailynewshungary.com\/de\/wp-json\/wp\/v2\/posts\/751500","targetHints":{"allow":["GET"]}}],"collection":[{"href":"https:\/\/dailynewshungary.com\/de\/wp-json\/wp\/v2\/posts"}],"about":[{"href":"https:\/\/dailynewshungary.com\/de\/wp-json\/wp\/v2\/types\/post"}],"author":[{"embeddable":true,"href":"https:\/\/dailynewshungary.com\/de\/wp-json\/wp\/v2\/users\/2"}],"replies":[{"embeddable":true,"href":"https:\/\/dailynewshungary.com\/de\/wp-json\/wp\/v2\/comments?post=751500"}],"version-history":[{"count":0,"href":"https:\/\/dailynewshungary.com\/de\/wp-json\/wp\/v2\/posts\/751500\/revisions"}],"wp:featuredmedia":[{"embeddable":true,"href":"https:\/\/dailynewshungary.com\/de\/wp-json\/wp\/v2\/media\/751501"}],"wp:attachment":[{"href":"https:\/\/dailynewshungary.com\/de\/wp-json\/wp\/v2\/media?parent=751500"}],"wp:term":[{"taxonomy":"category","embeddable":true,"href":"https:\/\/dailynewshungary.com\/de\/wp-json\/wp\/v2\/categories?post=751500"},{"taxonomy":"post_tag","embeddable":true,"href":"https:\/\/dailynewshungary.com\/de\/wp-json\/wp\/v2\/tags?post=751500"}],"curies":[{"name":"wp","href":"https:\/\/api.w.org\/{rel}","templated":true}]}}