{"id":751648,"date":"2017-02-01T15:00:07","date_gmt":"2017-02-01T14:00:07","guid":{"rendered":"https:\/\/dailynewshungary.com\/de\/aktivisten-und-abgeordnete-fordern-die-ratifizierung-des-ubereinkommens-des-europarats-gegen-hausliche-gewalt-im-parlament\/"},"modified":"2017-02-01T15:00:07","modified_gmt":"2017-02-01T14:00:07","slug":"aktivisten-und-abgeordnete-fordern-die-ratifizierung-des-ubereinkommens-des-europarats-gegen-hausliche-gewalt-im-parlament","status":"publish","type":"post","link":"https:\/\/dailynewshungary.com\/de\/aktivisten-und-abgeordnete-fordern-die-ratifizierung-des-ubereinkommens-des-europarats-gegen-hausliche-gewalt-im-parlament\/","title":{"rendered":"Aktivisten und Abgeordnete fordern die Ratifizierung des \u00dcbereinkommens des Europarats gegen h\u00e4usliche Gewalt im Parlament"},"content":{"rendered":"<p><strong>Budapest, 1. Februar (MTI) \u2013 Eine kleine Gruppe von Aktivisten und Oppositionspolitikern versammelte sich, um am Mittwochmorgen vor dem Parlament die Ratifizierung des Istanbul-\u00dcbereinkommens des Europarats zur Verh\u00fctung und Bek\u00e4mpfung h\u00e4uslicher Gewalt zu fordern.<\/strong><\/p>\n<p>Die Demonstration fand zeitgleich mit der Sitzung des Justizausschusses des Parlaments statt, um \u00fcber die Vorlage einer Initiative zur Ratifizierung des \u00dcbereinkommens bei der Versammlung zu entscheiden.<\/p>\n<p>Bernadett Sz\u00e9l, Co-Vorsitzender von LMP, sagte, es sei erneut Sache des Ausschusses, zu entscheiden, ob die Initiative \u201estreicht\u201c\u201e, wie es schon mehrmals der Fall war\u201d.<\/p>\n<blockquote>\n<p>\u201cDas lassen wir nicht noch einmal zu\u201d, sagte sie.<\/p>\n<\/blockquote>\n<p>Zsuzsanna Szel\u00e9nyi aus Egy\u00fctt sagte, h\u00e4usliche Gewalt in Ungarn sei von den Machthabern unbemerkt geblieben.<\/p>\n<p style=\"text-align: center;\">&nbsp;<iframe loading=\"lazy\" style=\"border: none; overflow: hidden;\" src=\"https:\/\/www.facebook.com\/plugins\/post.php?href=https%3A%2F%2Fwww.facebook.com%2Fdailynewshungary%2Fposts%2F1224599794242256&amp;width=500\" width=\"500\" height=\"500\" frameborder=\"0\" scrolling=\"no\"><\/iframe><\/p>\n<p>Andere, die sich an die Versammlung wandten, nannten es heute ein weit verbreitetes Ph\u00e4nomen, dass das Opfer und nicht der T\u00e4ter untertauchen m\u00fcsse.<\/p>\n<p>Sie betonten, dass die Abhilfe dieser Situation in der Istanbul-Konvention liege, die die Unterzeichner verpflichtet, f\u00fcr Opferschutz zu sorgen.<\/p>\n<p>Ungarn geh\u00f6rte zu den 43 Staaten, die die Konvention unterzeichneten, im Jahr 2014 Dreiundzwanzig L\u00e4nder haben das Dokument bereits ratifiziert.<\/p>\n","protected":false},"excerpt":{"rendered":"<p>Budapest, 1. Februar (MTI) \u2013 Eine kleine Gruppe von Aktivisten und Oppositionspolitikern versammelte sich, um am Mittwochmorgen vor dem Parlament die Ratifizierung des Istanbul-\u00dcbereinkommens des Europarats zur Verh\u00fctung und Bek\u00e4mpfung h\u00e4uslicher Gewalt zu fordern. Die Demonstration fand zeitgleich mit der Sitzung des Justizausschusses des Parlaments statt, um \u00fcber die Vorlage einer Initiative zur Ratifizierung des [&hellip;]<\/p>\n","protected":false},"author":2,"featured_media":751649,"comment_status":"open","ping_status":"open","sticky":false,"template":"","format":"standard","meta":{"_acf_changed":false,"_display_image":"","footnotes":""},"categories":[1081],"tags":[1266,4015,1873,1617],"class_list":["post-751648","post","type-post","status-publish","format-standard","has-post-thumbnail","hentry","category-politik","tag-demonstration","tag-egyutt","tag-lmp","tag-rat-von-europa"],"blocksy_meta":[],"acf":[],"author_username":"alk","telegram_post":"","public_post_metadata":{"breaking_news":"","important":"","csempe":"","center_tile":"","disable_thumbnail":"","target_lang":"","_featured_image_style":"","telegram_post":"","_xlat_group_id":""},"public_rank_math_data":{"title":"%title% %sep% %sitename%","description":"","focus_keyword":"Demonstration","canonical_url":"","robots":"","primary_category":"1081","breadcrumb_title":"","facebook_title":"","facebook_description":"","facebook_image":"","facebook_image_id":"","twitter_title":"","twitter_description":"","twitter_image":"","twitter_image_id":"","twitter_card_type":"","twitter_use_facebook":"","advanced_robots":"","pillar_content":"","seo_score":"15","contentai_score":"","rich_snippet":""},"_links":{"self":[{"href":"https:\/\/dailynewshungary.com\/de\/wp-json\/wp\/v2\/posts\/751648","targetHints":{"allow":["GET"]}}],"collection":[{"href":"https:\/\/dailynewshungary.com\/de\/wp-json\/wp\/v2\/posts"}],"about":[{"href":"https:\/\/dailynewshungary.com\/de\/wp-json\/wp\/v2\/types\/post"}],"author":[{"embeddable":true,"href":"https:\/\/dailynewshungary.com\/de\/wp-json\/wp\/v2\/users\/2"}],"replies":[{"embeddable":true,"href":"https:\/\/dailynewshungary.com\/de\/wp-json\/wp\/v2\/comments?post=751648"}],"version-history":[{"count":0,"href":"https:\/\/dailynewshungary.com\/de\/wp-json\/wp\/v2\/posts\/751648\/revisions"}],"wp:featuredmedia":[{"embeddable":true,"href":"https:\/\/dailynewshungary.com\/de\/wp-json\/wp\/v2\/media\/751649"}],"wp:attachment":[{"href":"https:\/\/dailynewshungary.com\/de\/wp-json\/wp\/v2\/media?parent=751648"}],"wp:term":[{"taxonomy":"category","embeddable":true,"href":"https:\/\/dailynewshungary.com\/de\/wp-json\/wp\/v2\/categories?post=751648"},{"taxonomy":"post_tag","embeddable":true,"href":"https:\/\/dailynewshungary.com\/de\/wp-json\/wp\/v2\/tags?post=751648"}],"curies":[{"name":"wp","href":"https:\/\/api.w.org\/{rel}","templated":true}]}}