{"id":751675,"date":"2017-01-31T17:30:41","date_gmt":"2017-01-31T16:30:41","guid":{"rendered":"https:\/\/dailynewshungary.com\/de\/runder-tisch-zu-hauslicher-gewalt-drangt-auf-ratifizierung-der-istanbul-konvention\/"},"modified":"2017-01-31T17:30:41","modified_gmt":"2017-01-31T16:30:41","slug":"runder-tisch-zu-hauslicher-gewalt-drangt-auf-ratifizierung-der-istanbul-konvention","status":"publish","type":"post","link":"https:\/\/dailynewshungary.com\/de\/runder-tisch-zu-hauslicher-gewalt-drangt-auf-ratifizierung-der-istanbul-konvention\/","title":{"rendered":"Runder Tisch zu h\u00e4uslicher Gewalt dr\u00e4ngt auf Ratifizierung der Istanbul-Konvention"},"content":{"rendered":"<p><strong>Budapest, 31. Januar (MTI) \u2013 Politiker, die an einem Runden Tisch zum Thema h\u00e4usliche Gewalt teilnahmen, forderten am Dienstag die Ratifizierung des Istanbuler \u00dcbereinkommens zur Verh\u00fctung h\u00e4uslicher Gewalt und zur Bek\u00e4mpfung von Gewalt gegen Frauen durch Ungarn.<\/strong><\/p>\n<p>An dem von der Stiftung For a Liberal Ungarn (ALMA) der oppositionellen Liberalen Partei organisierten Runden Tisch nahmen Vertreter der oppositionellen Parteien LMP und Egy\u00fctt, Jobbik und der Sozialistischen Partei teil. Die Regierungsparteien beteiligten sich nicht an der Diskussion.<\/p>\n<p>Anett B.sz von den Liberalen sagte, das Ziel des Runden Tisches sei die Suche nach L\u00f6sungen zur St\u00e4rkung der Wirksamkeit von Institutionen zur Unterst\u00fctzung von Opfern h\u00e4uslicher Gewalt. Unter diesen hob sie den Erlass und die Aufsicht \u00fcber einstweilige Verf\u00fcgungen als eine Institution hervor, die gest\u00e4rkt werden m\u00fcsse. Auch bei der Strafverfolgung h\u00e4uslicher Gewalt sei das Justizsystem wirkungslos, sagte sie und kritisierte das System zur Behandlung von Gewalt gegen Frauen und Kinder als getrennte Themen.<\/p>\n<p>B.sz kritisierte die Regierungsparteien auch daf\u00fcr, dass sie sich weigerten, an Gespr\u00e4chen zur Bek\u00e4mpfung h\u00e4uslicher Gewalt teilzunehmen.<\/p>\n<p>Zsuzsanna Szel\u00e9nyi forderte die Regierung auf, das Istanbul-\u00dcbereinkommen zu ratifizieren, das Protokolle zur Pr\u00e4vention h\u00e4uslicher Gewalt enth\u00e4lt, das gesellschaftliche Bewusstsein f\u00fcr das Thema sch\u00e4rft, h\u00e4usliche Gewaltt\u00e4ter bestraft und Missbrauchsopfer sch\u00fctzt.<\/p>\n<p>LMP-Co-Chef Bernadett Sz\u00e9l sagte, die regierende Fidesz-KDNP-Allianz habe \u201ees immer schwerer zu erkl\u00e4ren\u201cwarum sie die Konvention nicht ratifizieren wollte. Sie forderte diejenigen, die sich gegen h\u00e4usliche Gewalt aussprechen, auf, gen\u00fcgend \u00f6ffentliche Unterst\u00fctzung f\u00fcr die Konvention aufzubauen, damit die Regierung keine andere Wahl h\u00e4tte, als sie zu ratifizieren.<\/p>\n<p>Ildik\u00f3 Borb\u00e9ly Bang\u00f3 von den Sozialisten sagte, die ungarische Gesellschaft sei \u201cmindestens genauso heuchlerisch\u201d beim Thema h\u00e4usliche Gewalt wie die Regierung Sie forderte die Regierung auf, die Istanbul-Konvention umzusetzen, \u201cegal wie viel sie kosten mag\u201d.<\/p>\n<p>Der Jobbik-Abgeordnete Sebesty\u00e9n V\u00e1g\u00f3 betonte, wie wichtig es sei, diejenigen zu sch\u00fctzen und zu w\u00fcrdigen, die h\u00e4usliche Gewalt melden, und Kinderschutzmitarbeiter. Er schlug vor, dass die Nichtmeldung von F\u00e4llen h\u00e4uslicher Gewalt nach dem Strafgesetzbuch bestraft werden sollte.<\/p>\n<p>In seinem Kommentar zu dem Ereignis sagte der regierende Fidesz, es seien die Einwanderung selbst und \u201cPro-Einwanderungsparteien\u201d, die \u201cdie gr\u00f6\u00dfte Bedrohung\u201d f\u00fcr Frauen in Europa darstellten \u201cDie Zahl der Gewaltverbrechen gegen Frauen und Kinder ist \u00fcberall dort dramatisch gestiegen, wo Migranten aufgetaucht sind\u201d Bal\u00e1z Hidveghi, der Kommunikationsdirektor der Partei, sagteDieselben Parteien, die \u201cdie Zeit damit verbringen, sich bei einem Runden Tisch um Frauen in Worten zu sorgen, waren mitverantwortlich daf\u00fcr, dass sie im Parlament einen Verfassungs\u00e4nderungsvorschlag blockierten, der die Ansiedlung von Migranten in Ungarn verbietet\u201d, sagte Hidveghi.<\/p>\n<p><em><strong>Lesen Sie weitere Details zur Istanbul-Konvention <a href=\"http:\/\/www.coe.int\/en\/web\/istanbul-convention\/home\" target=\"_blank\" rel=\"noopener noreferrer\">HIER<\/a>.<\/strong><\/em><\/p>\n<p><em>Foto: MTI<\/em><\/p>\n","protected":false},"excerpt":{"rendered":"<p>Budapest, 31. Januar (MTI) \u2013 Politiker, die an einem Runden Tisch zum Thema h\u00e4usliche Gewalt teilnahmen, forderten am Dienstag die Ratifizierung des Istanbuler \u00dcbereinkommens zur Verh\u00fctung h\u00e4uslicher Gewalt und zur Bek\u00e4mpfung von Gewalt gegen Frauen durch Ungarn. An dem von der Stiftung For a Liberal Ungarn (ALMA) der oppositionellen Liberalen Partei organisierten Runden Tisch nahmen [&hellip;]<\/p>\n","protected":false},"author":2,"featured_media":751676,"comment_status":"open","ping_status":"open","sticky":false,"template":"","format":"standard","meta":{"_acf_changed":false,"_display_image":"","footnotes":""},"categories":[1081],"tags":[1066],"class_list":["post-751675","post","type-post","status-publish","format-standard","has-post-thumbnail","hentry","category-politik","tag-hungary"],"blocksy_meta":[],"acf":[],"author_username":"alk","telegram_post":"","public_post_metadata":{"breaking_news":"","important":"","csempe":"","center_tile":"","disable_thumbnail":"","target_lang":"","_featured_image_style":"","telegram_post":"","_xlat_group_id":""},"public_rank_math_data":{"title":"%title% %sep% %sitename%","description":"","focus_keyword":"Istanbul-konvention","canonical_url":"","robots":"","primary_category":"1081","breadcrumb_title":"","facebook_title":"","facebook_description":"","facebook_image":"","facebook_image_id":"","twitter_title":"","twitter_description":"","twitter_image":"","twitter_image_id":"","twitter_card_type":"","twitter_use_facebook":"","advanced_robots":"","pillar_content":"","seo_score":"57","contentai_score":"","rich_snippet":""},"_links":{"self":[{"href":"https:\/\/dailynewshungary.com\/de\/wp-json\/wp\/v2\/posts\/751675","targetHints":{"allow":["GET"]}}],"collection":[{"href":"https:\/\/dailynewshungary.com\/de\/wp-json\/wp\/v2\/posts"}],"about":[{"href":"https:\/\/dailynewshungary.com\/de\/wp-json\/wp\/v2\/types\/post"}],"author":[{"embeddable":true,"href":"https:\/\/dailynewshungary.com\/de\/wp-json\/wp\/v2\/users\/2"}],"replies":[{"embeddable":true,"href":"https:\/\/dailynewshungary.com\/de\/wp-json\/wp\/v2\/comments?post=751675"}],"version-history":[{"count":0,"href":"https:\/\/dailynewshungary.com\/de\/wp-json\/wp\/v2\/posts\/751675\/revisions"}],"wp:featuredmedia":[{"embeddable":true,"href":"https:\/\/dailynewshungary.com\/de\/wp-json\/wp\/v2\/media\/751676"}],"wp:attachment":[{"href":"https:\/\/dailynewshungary.com\/de\/wp-json\/wp\/v2\/media?parent=751675"}],"wp:term":[{"taxonomy":"category","embeddable":true,"href":"https:\/\/dailynewshungary.com\/de\/wp-json\/wp\/v2\/categories?post=751675"},{"taxonomy":"post_tag","embeddable":true,"href":"https:\/\/dailynewshungary.com\/de\/wp-json\/wp\/v2\/tags?post=751675"}],"curies":[{"name":"wp","href":"https:\/\/api.w.org\/{rel}","templated":true}]}}