{"id":751709,"date":"2017-01-30T12:43:20","date_gmt":"2017-01-30T11:43:20","guid":{"rendered":"https:\/\/dailynewshungary.com\/de\/orban-unterzeichnet-die-zusammenarbeit-moderner-stadte-mit-dem-sozialistischen-burgermeister-von-szeged\/"},"modified":"2017-01-30T12:43:20","modified_gmt":"2017-01-30T11:43:20","slug":"orban-unterzeichnet-die-zusammenarbeit-moderner-stadte-mit-dem-sozialistischen-burgermeister-von-szeged","status":"publish","type":"post","link":"https:\/\/dailynewshungary.com\/de\/orban-unterzeichnet-die-zusammenarbeit-moderner-stadte-mit-dem-sozialistischen-burgermeister-von-szeged\/","title":{"rendered":"Orb\u00e1n unterzeichnet die Zusammenarbeit moderner St\u00e4dte mit dem sozialistischen B\u00fcrgermeister von Szeged"},"content":{"rendered":"<p><strong>Szeged, 30. Januar (MTI) \u2013 Premierminister Viktor Orb\u00e1n unterzeichnete am Montag in S\u00fcdungarn eine Kooperationsvereinbarung im Rahmen des Modern Cities-Programms der Regierung mit L\u00e1szl\u00f3 Botka, dem sozialistischen B\u00fcrgermeister von Szeged.<\/strong><\/p>\n<p>Orb\u00e1n sagte nach der Unterzeichnungszeremonie, dass Szeged \u201edas gesamte Potenzial habe, ein herausragendes regionales Zentrum zu werden\u201cund er w\u00fcnschte der Stadt \u201eso viel Erfolg, wie ihr angesichts ihrer Geschichte zusteht\u201d.<\/p>\n<p>Botka sagte, dass die Partnerschaft darauf abzielte, die Mittel der Europ\u00e4ischen Union, die er als \u201cgrundlegende nationale Sache\u201d bezeichnete, maximal zu nutzen.<\/p>\n<p>Zu seinen Gespr\u00e4chen mit dem Premierminister sagte Botka, dass man neben 104 bereits laufenden Investitionsprogrammen Pl\u00e4ne f\u00fcr 19 Entwicklungsprojekte in seiner Stadt besprochen habe.<\/p>\n<p> Foto: MTI<\/p>\n<p>Im Rahmen des Partnerschaftsabkommens wird die Regierung Unterst\u00fctzung f\u00fcr Projekte wie die Modernisierung der Autobahn 47, den Ausbau der Eisenbahnlinie Szeged-Mako und des Flughafens Szeged, den Bau einer Lebensmittelverarbeitungsanlage, einer Br\u00fccke, eines Industrieparks und mehrerer Sportkomplexe leisten. Die Regierung wird auch Unterst\u00fctzung bei der Umstellung auf Strom im \u00f6ffentlichen Nahverkehr der Stadt leisten.<\/p>\n<h4>MIGRATION, OLYMPIA<\/h4>\n<p>Auf eine Frage zur illegalen Migration antwortete Orb\u00e1n, dass die Verst\u00e4rkung der s\u00fcdlichen Grenzen Ungarns ein Muss seiDer Grenzschutz m\u00fcsse \u201cmodern und effizient\u201d seinEr f\u00fcgte hinzu, dass Ungarn alle Mittel einsetzen sollte, um die Stabilit\u00e4t in S\u00fcdeuropa zu gew\u00e4hrleisten, aber \u201cdavon abgesehen m\u00fcssen wir die F\u00e4higkeit haben, uns selbst zu sch\u00fctzen\u201d.<\/p>\n<p>Auf die Frage nach Ungarns Bewerbung um die Ausrichtung der Olympischen Spiele sagte Orb\u00e1n, die Regierung werde \u201eeine Entscheidung akzeptieren, die in einer f\u00fcr die \u00d6ffentlichkeit akzeptablen Form getroffen wurde\u201cDer Premierminister sagte, er werde sich nicht zu der aktuellen Referendumsinitiative \u00e4u\u00dfern, die darauf abzielt, Ungarns Bewerbung um die Ausrichtung der Spiele zu blockieren, bis der f\u00fcr die Sammlung der Unterschriften verf\u00fcgbare Zeitraum abgelaufen sei.<\/p>\n<p>Im Anschluss an die Gespr\u00e4che sahen Orban und sein Berater f\u00fcr innere Sicherheit Gy\u00f6rgy Bakondi den Zaun entlang der serbischen Grenze, besuchten die Transitzone in R\u00f6szke und unterhielten sich mit den diensthabenden Polizisten, Soldaten und Beamten, sagte der Pressechef des Premierministers, Bertalan Havasi, gegen\u00fcber MTI.<\/p>\n<p><em>Foto: MTI<\/em><\/p>\n","protected":false},"excerpt":{"rendered":"<p>Szeged, 30. Januar (MTI) \u2013 Premierminister Viktor Orb\u00e1n unterzeichnete am Montag in S\u00fcdungarn eine Kooperationsvereinbarung im Rahmen des Modern Cities-Programms der Regierung mit L\u00e1szl\u00f3 Botka, dem sozialistischen B\u00fcrgermeister von Szeged. Orb\u00e1n sagte nach der Unterzeichnungszeremonie, dass Szeged \u201edas gesamte Potenzial habe, ein herausragendes regionales Zentrum zu werden\u201cund er w\u00fcnschte der Stadt \u201eso viel Erfolg, wie [&hellip;]<\/p>\n","protected":false},"author":2,"featured_media":751710,"comment_status":"open","ping_status":"open","sticky":false,"template":"","format":"standard","meta":{"_acf_changed":false,"_display_image":"","footnotes":""},"categories":[1081],"tags":[1695,1386,1076,1128,1104],"class_list":["post-751709","post","type-post","status-publish","format-standard","has-post-thumbnail","hentry","category-politik","tag-sozialisten","tag-szeged","tag-ungarn","tag-viktor-orban","tag-wirtschaft"],"blocksy_meta":[],"acf":[],"author_username":"alk","telegram_post":"","public_post_metadata":{"breaking_news":"","important":"","csempe":"","center_tile":"","disable_thumbnail":"","target_lang":"","_featured_image_style":"","telegram_post":"","_xlat_group_id":""},"public_rank_math_data":{"title":"%title% %sep% %sitename%","description":"","focus_keyword":"Szeged","canonical_url":"","robots":"","primary_category":"1081","breadcrumb_title":"","facebook_title":"","facebook_description":"","facebook_image":"","facebook_image_id":"","twitter_title":"","twitter_description":"","twitter_image":"","twitter_image_id":"","twitter_card_type":"","twitter_use_facebook":"","advanced_robots":"","pillar_content":"","seo_score":"55","contentai_score":"","rich_snippet":""},"_links":{"self":[{"href":"https:\/\/dailynewshungary.com\/de\/wp-json\/wp\/v2\/posts\/751709","targetHints":{"allow":["GET"]}}],"collection":[{"href":"https:\/\/dailynewshungary.com\/de\/wp-json\/wp\/v2\/posts"}],"about":[{"href":"https:\/\/dailynewshungary.com\/de\/wp-json\/wp\/v2\/types\/post"}],"author":[{"embeddable":true,"href":"https:\/\/dailynewshungary.com\/de\/wp-json\/wp\/v2\/users\/2"}],"replies":[{"embeddable":true,"href":"https:\/\/dailynewshungary.com\/de\/wp-json\/wp\/v2\/comments?post=751709"}],"version-history":[{"count":0,"href":"https:\/\/dailynewshungary.com\/de\/wp-json\/wp\/v2\/posts\/751709\/revisions"}],"wp:featuredmedia":[{"embeddable":true,"href":"https:\/\/dailynewshungary.com\/de\/wp-json\/wp\/v2\/media\/751710"}],"wp:attachment":[{"href":"https:\/\/dailynewshungary.com\/de\/wp-json\/wp\/v2\/media?parent=751709"}],"wp:term":[{"taxonomy":"category","embeddable":true,"href":"https:\/\/dailynewshungary.com\/de\/wp-json\/wp\/v2\/categories?post=751709"},{"taxonomy":"post_tag","embeddable":true,"href":"https:\/\/dailynewshungary.com\/de\/wp-json\/wp\/v2\/tags?post=751709"}],"curies":[{"name":"wp","href":"https:\/\/api.w.org\/{rel}","templated":true}]}}