{"id":751713,"date":"2017-01-30T10:30:59","date_gmt":"2017-01-30T09:30:59","guid":{"rendered":"https:\/\/dailynewshungary.com\/de\/ungarns-justizminister-eu-ausengrenze-muss-gestarkt-werden\/"},"modified":"2017-01-30T10:30:59","modified_gmt":"2017-01-30T09:30:59","slug":"ungarns-justizminister-eu-ausengrenze-muss-gestarkt-werden","status":"publish","type":"post","link":"https:\/\/dailynewshungary.com\/de\/ungarns-justizminister-eu-ausengrenze-muss-gestarkt-werden\/","title":{"rendered":"Ungarns Justizminister: EU-Au\u00dfengrenze muss gest\u00e4rkt werden"},"content":{"rendered":"<p><strong>Valletta (MTI) \u2013 Sofern die Au\u00dfengrenzen der Europ\u00e4ischen Union nicht gest\u00e4rkt werden, k\u00f6nnte die Flut von Migranten dazu f\u00fchren, dass Mauern zwischen den EU-Mitgliedstaaten errichtet werden, sagte Ungarns Justizminister L\u00e1szl\u00f3 Tr\u00f3cs\u00e1nyi in einem Interview mit der Sonntagsausgabe von The Times of Malta.<\/strong><\/p>\n<blockquote>\n<p>\u201eIm Jahr 2015 war Europa vielleicht naiv, aber jetzt ist es mit der Realit\u00e4t konfrontiert\u201c&#8230; Wir glauben an die grenzfreie Schengen-Zone, aber damit dies ordnungsgem\u00e4\u00df funktioniert, m\u00fcssen die Au\u00dfengrenzen der EU gest\u00e4rkt werden\u201d, sagte er.<\/p>\n<\/blockquote>\n<p>In dem Interview am Rande eines Treffens der EU-Justiz- und Innenminister sagte er, der Zaun an der S\u00fcdgrenze Ungarns sch\u00fctze nicht nur das Land, sondern auch den Rest Europas.<\/p>\n<p>\u201cWir setzen uns f\u00fcr den Schutz der Au\u00dfengrenzen ein&#8230; Wenn wir nicht angemessen mit Sicherheit umgehen, werden wir sehen, dass Mauern zwischen den Mitgliedern der EU entstehen werden\u201d, sagte er.<\/p>\n<p>Trocsanyi ging auf die Kritik am ungarischen Zaun ein und stellte fest, dass Spanien Mauern um seine Enklaven Ceuta und Melilla in Nordafrika unterhielt.<\/p>\n<p>Mit Bezug auf die Rolle Ungarns beim Abbau des Eisernen Vorhangs sagte er, Ungarn sch\u00e4tze die Freiheit, die nach dem Zerfall des Kommunismus entstanden sei \u201eDie Freiz\u00fcgigkeit innerhalb der EU ist f\u00fcr uns wichtig.\u201cDas ist einer der wichtigsten Mehrwerte der Mitgliedschaft in der EU.\u201d Diese Freiheit k\u00f6nne aber nur dadurch gewahrt werden, dass die Au\u00dfengrenzen gesch\u00fctzt w\u00fcrden, f\u00fcgte er hinzu.<\/p>\n<p>Ungarn stimmt mit der maltesischen EU-Ratspr\u00e4sidentschaft darin \u00fcberein, dass in \u00c4gypten, Algerien, Libyen und anderen L\u00e4ndern Aufnahmezentren f\u00fcr Migranten, die einen Asylantrag stellen, unterhalten werden sollten, hei\u00dft es in dem Papier.<\/p>\n<p>Auf die Frage, ob Ungarn bef\u00fcrchtet, dass die Mehrheit der Migranten Muslime seien, stellte der Minister fest, dass die L\u00e4nder Mittel- und Osteuropas keine koloniale Erfahrung h\u00e4tten. \u201eIm Gegensatz zu anderen EU-Mitgliedstaaten haben wir keine Erfahrung mit der Integration von B\u00fcrgern \u00fcber die Grenzen der EU hinaus.\u201cWir glauben an die Bewahrung der christlichen Wurzeln Europas; aber das bedeutet nicht, dass wir glauben, dass diejenigen Fl\u00fcchtlinge, die Schutz verdienen, ihn nicht bekommen sollten\u201d<\/p>\n<p>Trocsanyi, der erkl\u00e4rte, er zitiere Angela Merkel, sagte, dass Multikulturalismus in Europa kein Erfolg gewesen sei. Er argumentierte, dass sich die Ank\u00fcnfte in den 1960er und 1970er Jahren gut integriert h\u00e4tten, die gegenw\u00e4rtige Ankunftswelle jedoch mehr daran interessiert sei, Werte und Normen zu bewahren, die im Widerspruch zu den europ\u00e4ischen st\u00fcnden.<\/p>\n<p>Der Minister bestand darauf, dass der politische Mainstream Integrationsprobleme nicht unter den Teppich kehren k\u00f6nne \u201cWenn der politische Mainstream nicht dar\u00fcber sprechen will, dann schafft er Raum f\u00fcr den rechtsextremen Fl\u00fcgel, um ihn zu f\u00fcllen\u201d, sagte er.<\/p>\n","protected":false},"excerpt":{"rendered":"<p>Valletta (MTI) \u2013 Sofern die Au\u00dfengrenzen der Europ\u00e4ischen Union nicht gest\u00e4rkt werden, k\u00f6nnte die Flut von Migranten dazu f\u00fchren, dass Mauern zwischen den EU-Mitgliedstaaten errichtet werden, sagte Ungarns Justizminister L\u00e1szl\u00f3 Tr\u00f3cs\u00e1nyi in einem Interview mit der Sonntagsausgabe von The Times of Malta. \u201eIm Jahr 2015 war Europa vielleicht naiv, aber jetzt ist es mit der [&hellip;]<\/p>\n","protected":false},"author":2,"featured_media":751714,"comment_status":"open","ping_status":"open","sticky":false,"template":"","format":"standard","meta":{"_acf_changed":false,"_display_image":"","footnotes":""},"categories":[1081],"tags":[1082,1445,1299],"class_list":["post-751713","post","type-post","status-publish","format-standard","has-post-thumbnail","hentry","category-politik","tag-europaische-union","tag-migration","tag-schengen"],"blocksy_meta":[],"acf":[],"author_username":"alk","telegram_post":"","public_post_metadata":{"breaking_news":"","important":"","csempe":"","center_tile":"","disable_thumbnail":"","target_lang":"","_featured_image_style":"","telegram_post":"","_xlat_group_id":""},"public_rank_math_data":{"title":"%title% %sep% %sitename%","description":"","focus_keyword":"EU","canonical_url":"","robots":"","primary_category":"1081","breadcrumb_title":"","facebook_title":"","facebook_description":"","facebook_image":"","facebook_image_id":"","twitter_title":"","twitter_description":"","twitter_image":"","twitter_image_id":"","twitter_card_type":"","twitter_use_facebook":"","advanced_robots":"","pillar_content":"","seo_score":"51","contentai_score":"","rich_snippet":""},"_links":{"self":[{"href":"https:\/\/dailynewshungary.com\/de\/wp-json\/wp\/v2\/posts\/751713","targetHints":{"allow":["GET"]}}],"collection":[{"href":"https:\/\/dailynewshungary.com\/de\/wp-json\/wp\/v2\/posts"}],"about":[{"href":"https:\/\/dailynewshungary.com\/de\/wp-json\/wp\/v2\/types\/post"}],"author":[{"embeddable":true,"href":"https:\/\/dailynewshungary.com\/de\/wp-json\/wp\/v2\/users\/2"}],"replies":[{"embeddable":true,"href":"https:\/\/dailynewshungary.com\/de\/wp-json\/wp\/v2\/comments?post=751713"}],"version-history":[{"count":0,"href":"https:\/\/dailynewshungary.com\/de\/wp-json\/wp\/v2\/posts\/751713\/revisions"}],"wp:featuredmedia":[{"embeddable":true,"href":"https:\/\/dailynewshungary.com\/de\/wp-json\/wp\/v2\/media\/751714"}],"wp:attachment":[{"href":"https:\/\/dailynewshungary.com\/de\/wp-json\/wp\/v2\/media?parent=751713"}],"wp:term":[{"taxonomy":"category","embeddable":true,"href":"https:\/\/dailynewshungary.com\/de\/wp-json\/wp\/v2\/categories?post=751713"},{"taxonomy":"post_tag","embeddable":true,"href":"https:\/\/dailynewshungary.com\/de\/wp-json\/wp\/v2\/tags?post=751713"}],"curies":[{"name":"wp","href":"https:\/\/api.w.org\/{rel}","templated":true}]}}