{"id":751715,"date":"2017-01-30T09:30:52","date_gmt":"2017-01-30T08:30:52","guid":{"rendered":"https:\/\/dailynewshungary.com\/de\/migrationsdruck-auf-eu-stetig-sagt-orbans-sicherheitsberater\/"},"modified":"2017-01-30T09:30:52","modified_gmt":"2017-01-30T08:30:52","slug":"migrationsdruck-auf-eu-stetig-sagt-orbans-sicherheitsberater","status":"publish","type":"post","link":"https:\/\/dailynewshungary.com\/de\/migrationsdruck-auf-eu-stetig-sagt-orbans-sicherheitsberater\/","title":{"rendered":"Migrationsdruck auf EU stetig, sagt Orb\u00e1ns Sicherheitsberater"},"content":{"rendered":"<p><strong>Budapest (MTI) (Der Migrationsdruck in der Europ\u00e4ischen Union ist trotz pr\u00e4ventiver Bem\u00fchungen der Mitgliedstaaten stabil geblieben und hat sich an der S\u00fcdgrenze Ungarns in den letzten zwei Tagen versch\u00e4rft, sagte der Sicherheitsberater des Premierministers am Sonntag.<\/strong><\/p>\n<p>Der Zustrom illegaler Migranten sei massiv, stetig und organisiert und in mehreren F\u00e4llen gewaltt\u00e4tig gewesen, sagte Gy\u00f6rgy Bakondi in Budapest und f\u00fcgte hinzu, dass mit der Ausreise weiterer Migrantenmassen aus Asien und Afrika zu rechnen sei.<\/p>\n<p>Er kritisierte die EU daf\u00fcr, dass sie ihre eigenen Schengen-Regeln nicht durchsetze und ihre Grenzen nicht sch\u00fctze.<\/p>\n<p>In den letzten anderthalb Jahren seien immer mehr Befugnisse an Br\u00fcssel abgetreten worden, das wiederum Ma\u00dfnahmen gegen Mitgliedstaaten eingeleitet habe, die die Migrantenkrise selbst in den Griff bekommen, sagte er.<\/p>\n<p>Er wies darauf hin, dass Ungarns Position zur Einrichtung von Brennpunkten f\u00fcr Migranteninspektionen au\u00dferhalb der EU-Grenzen erst k\u00fcrzlich vom deutschen Innenminister unterst\u00fctzt worden sei.<\/p>\n<p> Foto: MTI<\/p>\n<p>Er unterstrich die Bedeutung der R\u00fcckf\u00fchrung von MigrantenEs sollte einheitliche Abschiebungsregeln f\u00fcr Menschen geben, die sich illegal in Europa aufhalten, sagte Bakondi und f\u00fcgte hinzu, dass die Frage der verbindlichen Quoten vom Tisch gefegt werden sollte.<\/p>\n<p>Bakondi wies au\u00dferdem darauf hin, dass einzelne Mitgliedstaaten damit begonnen h\u00e4tten, Schutzma\u00dfnahmen zu ergreifen, einschlie\u00dflich der St\u00e4rkung ihrer Polizeikr\u00e4fte und Geheimdienste.<\/p>\n<p>Bakondi beschrieb die Situation der Migranten in Ungarn und sagte, dass seit dem 1. Januar dieses Jahres 2.693 Menschen versucht h\u00e4tten, illegal in das Land einzureisen, 1.399 von ihnen seien angehalten und der Rest in Transitzonen gebracht worden.<\/p>\n<p>Derzeit seien 804 Migranten in Fl\u00fcchtlingszentren in Ungarn untergebracht, sagte Bakondi.<\/p>\n<p> Foto: MTI<\/p>\n<p><em>Foto: MTI<\/em><\/p>\n","protected":false},"excerpt":{"rendered":"<p>Budapest (MTI) (Der Migrationsdruck in der Europ\u00e4ischen Union ist trotz pr\u00e4ventiver Bem\u00fchungen der Mitgliedstaaten stabil geblieben und hat sich an der S\u00fcdgrenze Ungarns in den letzten zwei Tagen versch\u00e4rft, sagte der Sicherheitsberater des Premierministers am Sonntag. Der Zustrom illegaler Migranten sei massiv, stetig und organisiert und in mehreren F\u00e4llen gewaltt\u00e4tig gewesen, sagte Gy\u00f6rgy Bakondi in [&hellip;]<\/p>\n","protected":false},"author":2,"featured_media":751716,"comment_status":"open","ping_status":"open","sticky":false,"template":"","format":"standard","meta":{"_acf_changed":false,"_display_image":"","footnotes":""},"categories":[1081],"tags":[1082,1445,1299],"class_list":["post-751715","post","type-post","status-publish","format-standard","has-post-thumbnail","hentry","category-politik","tag-europaische-union","tag-migration","tag-schengen"],"blocksy_meta":[],"acf":[],"author_username":"alk","telegram_post":"","public_post_metadata":{"breaking_news":"","important":"","csempe":"","center_tile":"","disable_thumbnail":"","target_lang":"","_featured_image_style":"","telegram_post":"","_xlat_group_id":""},"public_rank_math_data":{"title":"%title% %sep% %sitename%","description":"","focus_keyword":"Migration","canonical_url":"","robots":"","primary_category":"1081","breadcrumb_title":"","facebook_title":"","facebook_description":"","facebook_image":"","facebook_image_id":"","twitter_title":"","twitter_description":"","twitter_image":"","twitter_image_id":"","twitter_card_type":"","twitter_use_facebook":"","advanced_robots":"","pillar_content":"","seo_score":"52","contentai_score":"","rich_snippet":""},"_links":{"self":[{"href":"https:\/\/dailynewshungary.com\/de\/wp-json\/wp\/v2\/posts\/751715","targetHints":{"allow":["GET"]}}],"collection":[{"href":"https:\/\/dailynewshungary.com\/de\/wp-json\/wp\/v2\/posts"}],"about":[{"href":"https:\/\/dailynewshungary.com\/de\/wp-json\/wp\/v2\/types\/post"}],"author":[{"embeddable":true,"href":"https:\/\/dailynewshungary.com\/de\/wp-json\/wp\/v2\/users\/2"}],"replies":[{"embeddable":true,"href":"https:\/\/dailynewshungary.com\/de\/wp-json\/wp\/v2\/comments?post=751715"}],"version-history":[{"count":0,"href":"https:\/\/dailynewshungary.com\/de\/wp-json\/wp\/v2\/posts\/751715\/revisions"}],"wp:featuredmedia":[{"embeddable":true,"href":"https:\/\/dailynewshungary.com\/de\/wp-json\/wp\/v2\/media\/751716"}],"wp:attachment":[{"href":"https:\/\/dailynewshungary.com\/de\/wp-json\/wp\/v2\/media?parent=751715"}],"wp:term":[{"taxonomy":"category","embeddable":true,"href":"https:\/\/dailynewshungary.com\/de\/wp-json\/wp\/v2\/categories?post=751715"},{"taxonomy":"post_tag","embeddable":true,"href":"https:\/\/dailynewshungary.com\/de\/wp-json\/wp\/v2\/tags?post=751715"}],"curies":[{"name":"wp","href":"https:\/\/api.w.org\/{rel}","templated":true}]}}