{"id":751783,"date":"2017-01-27T10:40:10","date_gmt":"2017-01-27T09:40:10","guid":{"rendered":"https:\/\/dailynewshungary.com\/de\/deutscher-abgeordneter-ungarn-sei-fur-den-schutz-der-eu-ausengrenze-gedankt\/"},"modified":"2017-01-27T10:40:10","modified_gmt":"2017-01-27T09:40:10","slug":"deutscher-abgeordneter-ungarn-sei-fur-den-schutz-der-eu-ausengrenze-gedankt","status":"publish","type":"post","link":"https:\/\/dailynewshungary.com\/de\/deutscher-abgeordneter-ungarn-sei-fur-den-schutz-der-eu-ausengrenze-gedankt\/","title":{"rendered":"Deutscher Abgeordneter: Ungarn sei f\u00fcr den Schutz der EU-Au\u00dfengrenze gedankt"},"content":{"rendered":"<p><strong>Berlin, 27. Januar (MTI) \u2013 Statt Kritik sollte Ungarn f\u00fcr den Schutz der Au\u00dfengrenzen der Europ\u00e4ischen Union, die auch Deutschland sch\u00fctzt, Dank erhalten, sagte Bundestagsabgeordnete Erika Steinbach in einem Interview mit \u00f6ffentlichen Medien.<\/strong><\/p>\n<p>Nach 43 Jahren als Mitglied der Christlich Demokratischen Union (CDU) hat Steinbach die CDU wegen Uneinigkeit mit der Migrantenpolitik der deutschen Bundeskanzlerin Angela Merkel verlassen und sitzt nun als unabh\u00e4ngiger Bundestagsabgeordneter.<\/p>\n<p>Deutschland habe zu Ungunsten Ungarns gegen EU-Vorschriften versto\u00dfen, als es Anfang September 2015 die Grenzen f\u00fcr \u201eunkontrollierte Migration\u201coffen habe, sagte sie\u201d \u201eVon den Hunderttausenden Migranten waren \u201ewenige echte Fl\u00fcchtlinge\u201d, f\u00fcgte sie hinzu.<\/p>\n<p>Sie kommentierte die Kritik an Ungarn in der deutschen Presse und sagte, deutsche Medienschaffende seien tendenziell links und kritisierten Ungarn, weil es eine konservative Regierung habe, und viele Politiker glaubten, was sie in der Presse lesen, ohne die Informationen noch einmal zu \u00fcberpr\u00fcfen. Grundlose Kritik sei undankbar gegen\u00fcber den Ungarn, die zur Zeit der Wiedervereinigung und des Falls des Eisernen Vorhangs viel f\u00fcr Deutschland getan h\u00e4tten, f\u00fcgte sie hinzu.<\/p>\n","protected":false},"excerpt":{"rendered":"<p>Berlin, 27. Januar (MTI) \u2013 Statt Kritik sollte Ungarn f\u00fcr den Schutz der Au\u00dfengrenzen der Europ\u00e4ischen Union, die auch Deutschland sch\u00fctzt, Dank erhalten, sagte Bundestagsabgeordnete Erika Steinbach in einem Interview mit \u00f6ffentlichen Medien. Nach 43 Jahren als Mitglied der Christlich Demokratischen Union (CDU) hat Steinbach die CDU wegen Uneinigkeit mit der Migrantenpolitik der deutschen Bundeskanzlerin [&hellip;]<\/p>\n","protected":false},"author":7,"featured_media":751784,"comment_status":"open","ping_status":"open","sticky":false,"template":"","format":"standard","meta":{"_acf_changed":false,"_display_image":"","footnotes":""},"categories":[1081],"tags":[1177,1082],"class_list":["post-751783","post","type-post","status-publish","format-standard","has-post-thumbnail","hentry","category-politik","tag-deutschland","tag-europaische-union"],"blocksy_meta":[],"acf":[],"author_username":"Szandi","telegram_post":"","public_post_metadata":{"breaking_news":"","important":"","csempe":"","center_tile":"","disable_thumbnail":"","target_lang":"","_featured_image_style":"","telegram_post":"","_xlat_group_id":""},"public_rank_math_data":{"title":"%title% %sep% %sitename%","description":"","focus_keyword":"Schutz","canonical_url":"","robots":"","primary_category":"1081","breadcrumb_title":"","facebook_title":"","facebook_description":"","facebook_image":"","facebook_image_id":"","twitter_title":"","twitter_description":"","twitter_image":"","twitter_image_id":"","twitter_card_type":"","twitter_use_facebook":"","advanced_robots":"","pillar_content":"","seo_score":"2","contentai_score":"","rich_snippet":""},"_links":{"self":[{"href":"https:\/\/dailynewshungary.com\/de\/wp-json\/wp\/v2\/posts\/751783","targetHints":{"allow":["GET"]}}],"collection":[{"href":"https:\/\/dailynewshungary.com\/de\/wp-json\/wp\/v2\/posts"}],"about":[{"href":"https:\/\/dailynewshungary.com\/de\/wp-json\/wp\/v2\/types\/post"}],"author":[{"embeddable":true,"href":"https:\/\/dailynewshungary.com\/de\/wp-json\/wp\/v2\/users\/7"}],"replies":[{"embeddable":true,"href":"https:\/\/dailynewshungary.com\/de\/wp-json\/wp\/v2\/comments?post=751783"}],"version-history":[{"count":0,"href":"https:\/\/dailynewshungary.com\/de\/wp-json\/wp\/v2\/posts\/751783\/revisions"}],"wp:featuredmedia":[{"embeddable":true,"href":"https:\/\/dailynewshungary.com\/de\/wp-json\/wp\/v2\/media\/751784"}],"wp:attachment":[{"href":"https:\/\/dailynewshungary.com\/de\/wp-json\/wp\/v2\/media?parent=751783"}],"wp:term":[{"taxonomy":"category","embeddable":true,"href":"https:\/\/dailynewshungary.com\/de\/wp-json\/wp\/v2\/categories?post=751783"},{"taxonomy":"post_tag","embeddable":true,"href":"https:\/\/dailynewshungary.com\/de\/wp-json\/wp\/v2\/tags?post=751783"}],"curies":[{"name":"wp","href":"https:\/\/api.w.org\/{rel}","templated":true}]}}