{"id":751787,"date":"2017-01-27T08:30:51","date_gmt":"2017-01-27T07:30:51","guid":{"rendered":"https:\/\/dailynewshungary.com\/de\/spanisch-ungarische-zusammenarbeit-bei-eu-ausschreibungen\/"},"modified":"2017-01-27T08:30:51","modified_gmt":"2017-01-27T07:30:51","slug":"spanisch-ungarische-zusammenarbeit-bei-eu-ausschreibungen","status":"publish","type":"post","link":"https:\/\/dailynewshungary.com\/de\/spanisch-ungarische-zusammenarbeit-bei-eu-ausschreibungen\/","title":{"rendered":"Spanisch-ungarische Zusammenarbeit bei EU-Ausschreibungen"},"content":{"rendered":"<p><strong>Madrid (MTI) \u2013 Das Ungarische Entwicklungszentrum (MFK) und das spanische Projektentwicklungsunternehmen Inspiralia haben am Donnerstag eine repr\u00e4sentative Partnerschaftsvereinbarung zur Zusammenarbeit bei Ausschreibungen der Europ\u00e4ischen Union unterzeichnet.<\/strong><\/p>\n<p>Das in Madrid unterzeichnete Abkommen deckt sieben L\u00e4nder in Mittel- und Osteuropa ab, sagte der Gesch\u00e4ftsf\u00fchrer des Zentrums und Ministerkommissar Antal Kiss gegen\u00fcber MTI.<\/p>\n<p>\u201eOsteuropa und Mitteleuropa sind f\u00fcr Spanien graue Flecken, und wir m\u00f6chten dies \u00e4ndern, indem wir das Wissen und die F\u00e4higkeiten der Region, des Karpatenbeckens, gemeinsam vertreten und zu erfolgreichen spanischen Projektentwicklern bef\u00f6rdern.\u201csagte er\u201d.<\/p>\n<p>Spanien sei sehr erfolgreich bei der Gewinnung von EU-Ausschreibungen gewesen und Inspiralia habe dabei eine wichtige Rolle gespielt, sagte KissDas spanische Unternehmen habe sich im vergangenen Jahr an MFK gewandt und eine Zusammenarbeit vorgeschlagen Infolgedessen seien in den vergangenen sechs Monaten Ausschreibungen im Gesamtwert von 4 Milliarden Forint (EUR 12,9 Mio) mit ungarischer Beteiligung eingereicht worden, f\u00fcgte er hinzu.<\/p>\n<p>Als Beispiele nannte er die Teilnahme des ELTE-Psychologieinstituts an einem internationalen Projekt zur Bewertung der kulturellen Vielfalt und den Beitritt des Wigner Research Centre for Physics der Ungarischen Akademie der Wissenschaften zum Raman-Spektroskopieprojekt der Universit\u00e4t Birmingham.<\/p>\n","protected":false},"excerpt":{"rendered":"<p>Madrid (MTI) \u2013 Das Ungarische Entwicklungszentrum (MFK) und das spanische Projektentwicklungsunternehmen Inspiralia haben am Donnerstag eine repr\u00e4sentative Partnerschaftsvereinbarung zur Zusammenarbeit bei Ausschreibungen der Europ\u00e4ischen Union unterzeichnet. Das in Madrid unterzeichnete Abkommen deckt sieben L\u00e4nder in Mittel- und Osteuropa ab, sagte der Gesch\u00e4ftsf\u00fchrer des Zentrums und Ministerkommissar Antal Kiss gegen\u00fcber MTI. \u201eOsteuropa und Mitteleuropa sind f\u00fcr [&hellip;]<\/p>\n","protected":false},"author":7,"featured_media":751788,"comment_status":"open","ping_status":"open","sticky":false,"template":"","format":"standard","meta":{"_acf_changed":false,"_display_image":"","footnotes":""},"categories":[1281],"tags":[1082,1131],"class_list":["post-751787","post","type-post","status-publish","format-standard","has-post-thumbnail","hentry","category-geschaft","tag-europaische-union","tag-spanien"],"blocksy_meta":[],"acf":[],"author_username":"Szandi","telegram_post":"","public_post_metadata":{"breaking_news":"","important":"","csempe":"","center_tile":"","disable_thumbnail":"","target_lang":"","_featured_image_style":"","telegram_post":"","_xlat_group_id":""},"public_rank_math_data":{"title":"%title% %sep% %sitename%","description":"","focus_keyword":"Spanien","canonical_url":"","robots":"","primary_category":"1281","breadcrumb_title":"","facebook_title":"","facebook_description":"","facebook_image":"","facebook_image_id":"","twitter_title":"","twitter_description":"","twitter_image":"","twitter_image_id":"","twitter_card_type":"","twitter_use_facebook":"","advanced_robots":"","pillar_content":"","seo_score":"17","contentai_score":"","rich_snippet":""},"_links":{"self":[{"href":"https:\/\/dailynewshungary.com\/de\/wp-json\/wp\/v2\/posts\/751787","targetHints":{"allow":["GET"]}}],"collection":[{"href":"https:\/\/dailynewshungary.com\/de\/wp-json\/wp\/v2\/posts"}],"about":[{"href":"https:\/\/dailynewshungary.com\/de\/wp-json\/wp\/v2\/types\/post"}],"author":[{"embeddable":true,"href":"https:\/\/dailynewshungary.com\/de\/wp-json\/wp\/v2\/users\/7"}],"replies":[{"embeddable":true,"href":"https:\/\/dailynewshungary.com\/de\/wp-json\/wp\/v2\/comments?post=751787"}],"version-history":[{"count":0,"href":"https:\/\/dailynewshungary.com\/de\/wp-json\/wp\/v2\/posts\/751787\/revisions"}],"wp:featuredmedia":[{"embeddable":true,"href":"https:\/\/dailynewshungary.com\/de\/wp-json\/wp\/v2\/media\/751788"}],"wp:attachment":[{"href":"https:\/\/dailynewshungary.com\/de\/wp-json\/wp\/v2\/media?parent=751787"}],"wp:term":[{"taxonomy":"category","embeddable":true,"href":"https:\/\/dailynewshungary.com\/de\/wp-json\/wp\/v2\/categories?post=751787"},{"taxonomy":"post_tag","embeddable":true,"href":"https:\/\/dailynewshungary.com\/de\/wp-json\/wp\/v2\/tags?post=751787"}],"curies":[{"name":"wp","href":"https:\/\/api.w.org\/{rel}","templated":true}]}}